{"id":1027,"date":"2016-02-12T16:58:03","date_gmt":"2016-02-12T16:58:03","guid":{"rendered":"http:\/\/www.fxmotors.fr\/blog\/?p=1027"},"modified":"2022-06-30T08:16:09","modified_gmt":"2022-06-30T08:16:09","slug":"la-yamaha-450-yzf-2016-de-la-team-2b","status":"publish","type":"post","link":"https:\/\/www.fxmotors.fr\/blog\/materiel\/la-yamaha-450-yzf-2016-de-la-team-2b","title":{"rendered":"La Yamaha 450 YZF du Team 2B Moraco"},"content":{"rendered":"<p>[vc_row][vc_column][vc_column_text]Cette ann\u00e9e, le Team 2B Moraco roulera avec la derni\u00e8re 450 YZF de Yamaha. D\u00e9couvrez la moto que Greg Aranda utilisera cette ann\u00e9e en MX et SX !<\/p>\n<h2>Pr\u00e9sentation de la Yamaha 450 YZF 2016<\/h2>\n<p>Bien qu&rsquo;\u00e9tant commercialis\u00e9e depuis l&rsquo;\u00e9t\u00e9 2015, la 450 YZF de Yamaha reste le dernier mod\u00e8le en date du fabricant japonais. Depuis son changement en 2014 ayant vu une <strong>refonte int\u00e9grale du moteur et du chassis<\/strong>, la YZ 450 F reste la valeur s\u00fbre des courses de cross. De nombreuses fonctionnalit\u00e9s et innovations ont \u00e9t\u00e9 apport\u00e9es sur ce dernier mod\u00e8le notamment le <strong>LCS favorisant les d\u00e9parts canons<\/strong>, les nouveaux arbres \u00e0 cames am\u00e9liorant la souplesse de la b\u00e9cane, des modifications des suspensions et de la fourche permettant une meilleure adh\u00e9rence et maniabilit\u00e9, et enfin un outil tr\u00e8s int\u00e9ressant pour les f\u00e9rus d&rsquo;optimisations moteur, le <strong>Power Tuner<\/strong>, boitier \u00e9lectronique qui vient se connecter sur la 450YZF et permet un r\u00e9glage aux petits oignons (ou ognons d\u00e9sormais !) tel que le r\u00e9gime moteur, ouverture de gaz, injection,&#8230;<\/p>\n<p><strong>Le Team 2B qui d\u00e9marre sa saison officiellement ce week end<\/strong> au MX International de Valence avec <strong>Greg Aranda<\/strong> align\u00e9 en MX1 et <strong>Yannis Irsuti<\/strong> align\u00e9 en MX2 (sur la 250 YZF) pourra envisager un bon r\u00e9sultat ![\/vc_column_text][\/vc_column][\/vc_row]<\/p>\n","protected":false},"excerpt":{"rendered":"<p><a class='more-link' href='https:\/\/www.fxmotors.fr\/blog\/materiel\/la-yamaha-450-yzf-2016-de-la-team-2b'>Lire l\u2019article<span class='screen-reader-text'>La Yamaha 450 YZF du Team 2B Moraco<\/span><\/a><\/p>","protected":false},"author":2,"featured_media":1031,"comment_status":"open","ping_status":"open","sticky":false,"template":"","format":"standard","meta":{"jetpack_post_was_ever_published":false,"jetpack_publicize_message":"","jetpack_is_tweetstorm":false,"jetpack_publicize_feature_enabled":true,"jetpack_social_post_already_shared":true,"jetpack_social_options":[]},"categories":[10],"tags":[53],"jetpack_publicize_connections":[],"yoast_head":"<!-- This site is optimized with the Yoast SEO plugin v20.3 - https:\/\/yoast.com\/wordpress\/plugins\/seo\/ -->\n<title>La Yamaha 450 YZF 2016 de la Team 2B - Blog Fx Motors<\/title>\n<meta name=\"description\" content=\"Cette ann\u00e9e, la Team 2B Moraco roulera avec la derni\u00e8re 450 YZF de Yamaha. D\u00e9couvrez la moto que Greg Aranda utilisera cette ann\u00e9e en MX et SX !\" \/>\n<meta name=\"robots\" content=\"index, follow, max-snippet:-1, max-image-preview:large, max-video-preview:-1\" \/>\n<link rel=\"canonical\" href=\"https:\/\/www.fxmotors.fr\/blog\/materiel\/la-yamaha-450-yzf-2016-de-la-team-2b\" \/>\n<meta property=\"og:locale\" content=\"fr_FR\" \/>\n<meta property=\"og:type\" content=\"article\" \/>\n<meta property=\"og:title\" content=\"La Yamaha 450 YZF 2016 de la Team 2B - Blog Fx Motors\" \/>\n<meta property=\"og:description\" content=\"Cette ann\u00e9e, la Team 2B Moraco roulera avec la derni\u00e8re 450 YZF de Yamaha. D\u00e9couvrez la moto que Greg Aranda utilisera cette ann\u00e9e en MX et SX !\" \/>\n<meta property=\"og:url\" content=\"https:\/\/www.fxmotors.fr\/blog\/materiel\/la-yamaha-450-yzf-2016-de-la-team-2b\" \/>\n<meta property=\"og:site_name\" content=\"Blog Fx Motors\" \/>\n<meta property=\"article:published_time\" content=\"2016-02-12T16:58:03+00:00\" \/>\n<meta property=\"article:modified_time\" content=\"2022-06-30T08:16:09+00:00\" \/>\n<meta property=\"og:image\" content=\"https:\/\/www.fxmotors.fr\/blog\/wp-content\/uploads\/2016\/02\/450-YZF-2016.jpg\" \/>\n\t<meta property=\"og:image:width\" content=\"1018\" \/>\n\t<meta property=\"og:image:height\" content=\"679\" \/>\n\t<meta property=\"og:image:type\" content=\"image\/jpeg\" \/>\n<meta name=\"author\" content=\"Fran\u00e7ois FX\" \/>\n<meta name=\"twitter:label1\" content=\"\u00c9crit par\" \/>\n\t<meta name=\"twitter:data1\" content=\"Fran\u00e7ois FX\" \/>\n\t<meta name=\"twitter:label2\" content=\"Dur\u00e9e de lecture estim\u00e9e\" \/>\n\t<meta name=\"twitter:data2\" content=\"1 minute\" \/>\n<script type=\"application\/ld+json\" class=\"yoast-schema-graph\">{\"@context\":\"https:\/\/schema.org\",\"@graph\":[{\"@type\":\"WebPage\",\"@id\":\"https:\/\/www.fxmotors.fr\/blog\/materiel\/la-yamaha-450-yzf-2016-de-la-team-2b\",\"url\":\"https:\/\/www.fxmotors.fr\/blog\/materiel\/la-yamaha-450-yzf-2016-de-la-team-2b\",\"name\":\"La Yamaha 450 YZF 2016 de la Team 2B - Blog Fx Motors\",\"isPartOf\":{\"@id\":\"https:\/\/www.fxmotors.fr\/blog\/#website\"},\"datePublished\":\"2016-02-12T16:58:03+00:00\",\"dateModified\":\"2022-06-30T08:16:09+00:00\",\"author\":{\"@id\":\"https:\/\/www.fxmotors.fr\/blog\/#\/schema\/person\/2552eaf1919a70b4dd426193193aa1f9\"},\"description\":\"Cette ann\u00e9e, la Team 2B Moraco roulera avec la derni\u00e8re 450 YZF de Yamaha. D\u00e9couvrez la moto que Greg Aranda utilisera cette ann\u00e9e en MX et SX !\",\"breadcrumb\":{\"@id\":\"https:\/\/www.fxmotors.fr\/blog\/materiel\/la-yamaha-450-yzf-2016-de-la-team-2b#breadcrumb\"},\"inLanguage\":\"fr-FR\",\"potentialAction\":[{\"@type\":\"ReadAction\",\"target\":[\"https:\/\/www.fxmotors.fr\/blog\/materiel\/la-yamaha-450-yzf-2016-de-la-team-2b\"]}]},{\"@type\":\"BreadcrumbList\",\"@id\":\"https:\/\/www.fxmotors.fr\/blog\/materiel\/la-yamaha-450-yzf-2016-de-la-team-2b#breadcrumb\",\"itemListElement\":[{\"@type\":\"ListItem\",\"position\":1,\"name\":\"Accueil\",\"item\":\"https:\/\/www.fxmotors.fr\/blog\"},{\"@type\":\"ListItem\",\"position\":2,\"name\":\"La Yamaha 450 YZF du Team 2B Moraco\"}]},{\"@type\":\"WebSite\",\"@id\":\"https:\/\/www.fxmotors.fr\/blog\/#website\",\"url\":\"https:\/\/www.fxmotors.fr\/blog\/\",\"name\":\"Blog Fx Motors\",\"description\":\"Le cross au quotidien\",\"potentialAction\":[{\"@type\":\"SearchAction\",\"target\":{\"@type\":\"EntryPoint\",\"urlTemplate\":\"https:\/\/www.fxmotors.fr\/blog\/?s={search_term_string}\"},\"query-input\":\"required name=search_term_string\"}],\"inLanguage\":\"fr-FR\"},{\"@type\":\"Person\",\"@id\":\"https:\/\/www.fxmotors.fr\/blog\/#\/schema\/person\/2552eaf1919a70b4dd426193193aa1f9\",\"name\":\"Fran\u00e7ois FX\",\"image\":{\"@type\":\"ImageObject\",\"inLanguage\":\"fr-FR\",\"@id\":\"https:\/\/www.fxmotors.fr\/blog\/#\/schema\/person\/image\/\",\"url\":\"https:\/\/secure.gravatar.com\/avatar\/be662fde82dc95ae10165035ae3bb4ff?s=96&d=mm&r=g\",\"contentUrl\":\"https:\/\/secure.gravatar.com\/avatar\/be662fde82dc95ae10165035ae3bb4ff?s=96&d=mm&r=g\",\"caption\":\"Fran\u00e7ois FX\"},\"description\":\"Passionn\u00e9 de MX et pilote \u00e0 ses heures perdues ! Depuis 2009 il est Fx Motors ! Toujours de bons conseils, il saura vous faire partager son expertise et deviendra votre guide en mati\u00e8re de pi\u00e8ces et d'\u00e9quipements pour votre motocross\",\"url\":\"https:\/\/www.fxmotors.fr\/blog\/author\/fxmotors\"}]}<\/script>\n<!-- \/ Yoast SEO plugin. -->","yoast_head_json":{"title":"La Yamaha 450 YZF 2016 de la Team 2B - Blog Fx Motors","description":"Cette ann\u00e9e, la Team 2B Moraco roulera avec la derni\u00e8re 450 YZF de Yamaha. D\u00e9couvrez la moto que Greg Aranda utilisera cette ann\u00e9e en MX et SX !","robots":{"index":"index","follow":"follow","max-snippet":"max-snippet:-1","max-image-preview":"max-image-preview:large","max-video-preview":"max-video-preview:-1"},"canonical":"https:\/\/www.fxmotors.fr\/blog\/materiel\/la-yamaha-450-yzf-2016-de-la-team-2b","og_locale":"fr_FR","og_type":"article","og_title":"La Yamaha 450 YZF 2016 de la Team 2B - Blog Fx Motors","og_description":"Cette ann\u00e9e, la Team 2B Moraco roulera avec la derni\u00e8re 450 YZF de Yamaha. D\u00e9couvrez la moto que Greg Aranda utilisera cette ann\u00e9e en MX et SX !","og_url":"https:\/\/www.fxmotors.fr\/blog\/materiel\/la-yamaha-450-yzf-2016-de-la-team-2b","og_site_name":"Blog Fx Motors","article_published_time":"2016-02-12T16:58:03+00:00","article_modified_time":"2022-06-30T08:16:09+00:00","og_image":[{"width":1018,"height":679,"url":"https:\/\/www.fxmotors.fr\/blog\/wp-content\/uploads\/2016\/02\/450-YZF-2016.jpg","type":"image\/jpeg"}],"author":"Fran\u00e7ois FX","twitter_misc":{"\u00c9crit par":"Fran\u00e7ois FX","Dur\u00e9e de lecture estim\u00e9e":"1 minute"},"schema":{"@context":"https:\/\/schema.org","@graph":[{"@type":"WebPage","@id":"https:\/\/www.fxmotors.fr\/blog\/materiel\/la-yamaha-450-yzf-2016-de-la-team-2b","url":"https:\/\/www.fxmotors.fr\/blog\/materiel\/la-yamaha-450-yzf-2016-de-la-team-2b","name":"La Yamaha 450 YZF 2016 de la Team 2B - Blog Fx Motors","isPartOf":{"@id":"https:\/\/www.fxmotors.fr\/blog\/#website"},"datePublished":"2016-02-12T16:58:03+00:00","dateModified":"2022-06-30T08:16:09+00:00","author":{"@id":"https:\/\/www.fxmotors.fr\/blog\/#\/schema\/person\/2552eaf1919a70b4dd426193193aa1f9"},"description":"Cette ann\u00e9e, la Team 2B Moraco roulera avec la derni\u00e8re 450 YZF de Yamaha. D\u00e9couvrez la moto que Greg Aranda utilisera cette ann\u00e9e en MX et SX !","breadcrumb":{"@id":"https:\/\/www.fxmotors.fr\/blog\/materiel\/la-yamaha-450-yzf-2016-de-la-team-2b#breadcrumb"},"inLanguage":"fr-FR","potentialAction":[{"@type":"ReadAction","target":["https:\/\/www.fxmotors.fr\/blog\/materiel\/la-yamaha-450-yzf-2016-de-la-team-2b"]}]},{"@type":"BreadcrumbList","@id":"https:\/\/www.fxmotors.fr\/blog\/materiel\/la-yamaha-450-yzf-2016-de-la-team-2b#breadcrumb","itemListElement":[{"@type":"ListItem","position":1,"name":"Accueil","item":"https:\/\/www.fxmotors.fr\/blog"},{"@type":"ListItem","position":2,"name":"La Yamaha 450 YZF du Team 2B Moraco"}]},{"@type":"WebSite","@id":"https:\/\/www.fxmotors.fr\/blog\/#website","url":"https:\/\/www.fxmotors.fr\/blog\/","name":"Blog Fx Motors","description":"Le cross au quotidien","potentialAction":[{"@type":"SearchAction","target":{"@type":"EntryPoint","urlTemplate":"https:\/\/www.fxmotors.fr\/blog\/?s={search_term_string}"},"query-input":"required name=search_term_string"}],"inLanguage":"fr-FR"},{"@type":"Person","@id":"https:\/\/www.fxmotors.fr\/blog\/#\/schema\/person\/2552eaf1919a70b4dd426193193aa1f9","name":"Fran\u00e7ois FX","image":{"@type":"ImageObject","inLanguage":"fr-FR","@id":"https:\/\/www.fxmotors.fr\/blog\/#\/schema\/person\/image\/","url":"https:\/\/secure.gravatar.com\/avatar\/be662fde82dc95ae10165035ae3bb4ff?s=96&d=mm&r=g","contentUrl":"https:\/\/secure.gravatar.com\/avatar\/be662fde82dc95ae10165035ae3bb4ff?s=96&d=mm&r=g","caption":"Fran\u00e7ois FX"},"description":"Passionn\u00e9 de MX et pilote \u00e0 ses heures perdues ! Depuis 2009 il est Fx Motors ! Toujours de bons conseils, il saura vous faire partager son expertise et deviendra votre guide en mati\u00e8re de pi\u00e8ces et d'\u00e9quipements pour votre motocross","url":"https:\/\/www.fxmotors.fr\/blog\/author\/fxmotors"}]}},"jetpack_featured_media_url":"https:\/\/www.fxmotors.fr\/blog\/wp-content\/uploads\/2016\/02\/450-YZF-2016.jpg","jetpack_sharing_enabled":true,"jetpack_shortlink":"https:\/\/wp.me\/p5HoXY-gz","_links":{"self":[{"href":"https:\/\/www.fxmotors.fr\/blog\/wp-json\/wp\/v2\/posts\/1027"}],"collection":[{"href":"https:\/\/www.fxmotors.fr\/blog\/wp-json\/wp\/v2\/posts"}],"about":[{"href":"https:\/\/www.fxmotors.fr\/blog\/wp-json\/wp\/v2\/types\/post"}],"author":[{"embeddable":true,"href":"https:\/\/www.fxmotors.fr\/blog\/wp-json\/wp\/v2\/users\/2"}],"replies":[{"embeddable":true,"href":"https:\/\/www.fxmotors.fr\/blog\/wp-json\/wp\/v2\/comments?post=1027"}],"version-history":[{"count":9,"href":"https:\/\/www.fxmotors.fr\/blog\/wp-json\/wp\/v2\/posts\/1027\/revisions"}],"predecessor-version":[{"id":3720,"href":"https:\/\/www.fxmotors.fr\/blog\/wp-json\/wp\/v2\/posts\/1027\/revisions\/3720"}],"wp:featuredmedia":[{"embeddable":true,"href":"https:\/\/www.fxmotors.fr\/blog\/wp-json\/wp\/v2\/media\/1031"}],"wp:attachment":[{"href":"https:\/\/www.fxmotors.fr\/blog\/wp-json\/wp\/v2\/media?parent=1027"}],"wp:term":[{"taxonomy":"category","embeddable":true,"href":"https:\/\/www.fxmotors.fr\/blog\/wp-json\/wp\/v2\/categories?post=1027"},{"taxonomy":"post_tag","embeddable":true,"href":"https:\/\/www.fxmotors.fr\/blog\/wp-json\/wp\/v2\/tags?post=1027"}],"curies":[{"name":"wp","href":"https:\/\/api.w.org\/{rel}","templated":true}]}}