{"id":225,"date":"2015-01-18T16:00:30","date_gmt":"2015-01-18T16:00:30","guid":{"rendered":"http:\/\/www.fxmotors.fr\/blog\/?p=225"},"modified":"2022-02-11T11:17:25","modified_gmt":"2022-02-11T11:17:25","slug":"roczen-devance-dungey-supercross-anaheim-ii","status":"publish","type":"post","link":"https:\/\/www.fxmotors.fr\/blog\/actualites\/cross\/roczen-devance-dungey-supercross-anaheim-ii","title":{"rendered":"Roczen devance Dungey &#8211; Supercross &#8211; Anaheim II"},"content":{"rendered":"<p>Pour cette 3\u00e8me \u00e9preuve du Supercross 2015, se d\u00e9roulant \u00e0 Anaheim II (2 semaines apr\u00e8s avoir d\u00e9j\u00e0 \u00e9volu\u00e9 \u00e0 Anaheim I), c&rsquo;est de nouveau Ken Roczen, le pilote allemand chez\u00a0Suzuki qui a remport\u00e9 la\u00a0finale 450 devant le pilote KTM Ryan Dungey.<\/p>\n<p>L&rsquo;allemand renforce\u00a0donc sa place de leader.<\/p>\n<p>En 250SX, Cooper Webb termine 1er sur sa Yamaha YZ250F, 1 semaine apr\u00e8s sa victoire \u00e0 Phoenix, et prend les commandes au classement devan\u00e7ant \u00a0Jessy Nelson sur KTM.<\/p>\n<p>A noter\u00a0la disqualification de Chad Reed apr\u00e8s son double accrochage avec Trey Canard, envoyant ce\u00a0dernier, qui lui \u00e9tait tomb\u00e9 dessus 10 secondes plus t\u00f4t suite \u00e0 une mauvaise trajectoire, volontairement dans le d\u00e9cor. Des images \u00e9tonnantes !<\/p>\n<p>&nbsp;<\/p>\n","protected":false},"excerpt":{"rendered":"<p><a class='more-link' href='https:\/\/www.fxmotors.fr\/blog\/actualites\/cross\/roczen-devance-dungey-supercross-anaheim-ii'>Lire l\u2019article<span class='screen-reader-text'>Roczen devance Dungey &#8211; Supercross &#8211; Anaheim II<\/span><\/a><\/p>","protected":false},"author":2,"featured_media":308,"comment_status":"open","ping_status":"open","sticky":false,"template":"","format":"standard","meta":{"jetpack_post_was_ever_published":false,"jetpack_publicize_message":"","jetpack_is_tweetstorm":false,"jetpack_publicize_feature_enabled":true,"jetpack_social_post_already_shared":false,"jetpack_social_options":[]},"categories":[4],"tags":[14,15,24,25],"jetpack_publicize_connections":[],"yoast_head":"<!-- This site is optimized with the Yoast SEO plugin v20.3 - https:\/\/yoast.com\/wordpress\/plugins\/seo\/ -->\n<title>Roczen devance Dungey - Supercross - Anaheim II - Blog Fx Motors<\/title>\n<meta name=\"robots\" content=\"index, follow, max-snippet:-1, max-image-preview:large, max-video-preview:-1\" \/>\n<link rel=\"canonical\" href=\"https:\/\/www.fxmotors.fr\/blog\/actualites\/cross\/roczen-devance-dungey-supercross-anaheim-ii\" \/>\n<meta property=\"og:locale\" content=\"fr_FR\" \/>\n<meta property=\"og:type\" content=\"article\" \/>\n<meta property=\"og:title\" content=\"Roczen devance Dungey - Supercross - Anaheim II - Blog Fx Motors\" \/>\n<meta property=\"og:url\" content=\"https:\/\/www.fxmotors.fr\/blog\/actualites\/cross\/roczen-devance-dungey-supercross-anaheim-ii\" \/>\n<meta property=\"og:site_name\" content=\"Blog Fx Motors\" \/>\n<meta property=\"article:published_time\" content=\"2015-01-18T16:00:30+00:00\" \/>\n<meta property=\"article:modified_time\" content=\"2022-02-11T11:17:25+00:00\" \/>\n<meta property=\"og:image\" content=\"https:\/\/www.fxmotors.fr\/blog\/wp-content\/uploads\/2014\/11\/anaheim-SX-2015.jpg\" \/>\n\t<meta property=\"og:image:width\" content=\"956\" \/>\n\t<meta property=\"og:image:height\" content=\"637\" \/>\n\t<meta property=\"og:image:type\" content=\"image\/jpeg\" \/>\n<meta name=\"author\" content=\"Fran\u00e7ois FX\" \/>\n<meta name=\"twitter:label1\" content=\"\u00c9crit par\" \/>\n\t<meta name=\"twitter:data1\" content=\"Fran\u00e7ois FX\" \/>\n\t<meta name=\"twitter:label2\" content=\"Dur\u00e9e de lecture estim\u00e9e\" \/>\n\t<meta name=\"twitter:data2\" content=\"1 minute\" \/>\n<script type=\"application\/ld+json\" class=\"yoast-schema-graph\">{\"@context\":\"https:\/\/schema.org\",\"@graph\":[{\"@type\":\"WebPage\",\"@id\":\"https:\/\/www.fxmotors.fr\/blog\/actualites\/cross\/roczen-devance-dungey-supercross-anaheim-ii\",\"url\":\"https:\/\/www.fxmotors.fr\/blog\/actualites\/cross\/roczen-devance-dungey-supercross-anaheim-ii\",\"name\":\"Roczen devance Dungey - Supercross - Anaheim II - Blog Fx Motors\",\"isPartOf\":{\"@id\":\"https:\/\/www.fxmotors.fr\/blog\/#website\"},\"datePublished\":\"2015-01-18T16:00:30+00:00\",\"dateModified\":\"2022-02-11T11:17:25+00:00\",\"author\":{\"@id\":\"https:\/\/www.fxmotors.fr\/blog\/#\/schema\/person\/2552eaf1919a70b4dd426193193aa1f9\"},\"breadcrumb\":{\"@id\":\"https:\/\/www.fxmotors.fr\/blog\/actualites\/cross\/roczen-devance-dungey-supercross-anaheim-ii#breadcrumb\"},\"inLanguage\":\"fr-FR\",\"potentialAction\":[{\"@type\":\"ReadAction\",\"target\":[\"https:\/\/www.fxmotors.fr\/blog\/actualites\/cross\/roczen-devance-dungey-supercross-anaheim-ii\"]}]},{\"@type\":\"BreadcrumbList\",\"@id\":\"https:\/\/www.fxmotors.fr\/blog\/actualites\/cross\/roczen-devance-dungey-supercross-anaheim-ii#breadcrumb\",\"itemListElement\":[{\"@type\":\"ListItem\",\"position\":1,\"name\":\"Accueil\",\"item\":\"https:\/\/www.fxmotors.fr\/blog\"},{\"@type\":\"ListItem\",\"position\":2,\"name\":\"Roczen devance Dungey &#8211; Supercross &#8211; Anaheim II\"}]},{\"@type\":\"WebSite\",\"@id\":\"https:\/\/www.fxmotors.fr\/blog\/#website\",\"url\":\"https:\/\/www.fxmotors.fr\/blog\/\",\"name\":\"Blog Fx Motors\",\"description\":\"Le cross au quotidien\",\"potentialAction\":[{\"@type\":\"SearchAction\",\"target\":{\"@type\":\"EntryPoint\",\"urlTemplate\":\"https:\/\/www.fxmotors.fr\/blog\/?s={search_term_string}\"},\"query-input\":\"required name=search_term_string\"}],\"inLanguage\":\"fr-FR\"},{\"@type\":\"Person\",\"@id\":\"https:\/\/www.fxmotors.fr\/blog\/#\/schema\/person\/2552eaf1919a70b4dd426193193aa1f9\",\"name\":\"Fran\u00e7ois FX\",\"image\":{\"@type\":\"ImageObject\",\"inLanguage\":\"fr-FR\",\"@id\":\"https:\/\/www.fxmotors.fr\/blog\/#\/schema\/person\/image\/\",\"url\":\"https:\/\/secure.gravatar.com\/avatar\/be662fde82dc95ae10165035ae3bb4ff?s=96&d=mm&r=g\",\"contentUrl\":\"https:\/\/secure.gravatar.com\/avatar\/be662fde82dc95ae10165035ae3bb4ff?s=96&d=mm&r=g\",\"caption\":\"Fran\u00e7ois FX\"},\"description\":\"Passionn\u00e9 de MX et pilote \u00e0 ses heures perdues ! Depuis 2009 il est Fx Motors ! Toujours de bons conseils, il saura vous faire partager son expertise et deviendra votre guide en mati\u00e8re de pi\u00e8ces et d'\u00e9quipements pour votre motocross\",\"url\":\"https:\/\/www.fxmotors.fr\/blog\/author\/fxmotors\"}]}<\/script>\n<!-- \/ Yoast SEO plugin. -->","yoast_head_json":{"title":"Roczen devance Dungey - Supercross - Anaheim II - Blog Fx Motors","robots":{"index":"index","follow":"follow","max-snippet":"max-snippet:-1","max-image-preview":"max-image-preview:large","max-video-preview":"max-video-preview:-1"},"canonical":"https:\/\/www.fxmotors.fr\/blog\/actualites\/cross\/roczen-devance-dungey-supercross-anaheim-ii","og_locale":"fr_FR","og_type":"article","og_title":"Roczen devance Dungey - Supercross - Anaheim II - Blog Fx Motors","og_url":"https:\/\/www.fxmotors.fr\/blog\/actualites\/cross\/roczen-devance-dungey-supercross-anaheim-ii","og_site_name":"Blog Fx Motors","article_published_time":"2015-01-18T16:00:30+00:00","article_modified_time":"2022-02-11T11:17:25+00:00","og_image":[{"width":956,"height":637,"url":"https:\/\/www.fxmotors.fr\/blog\/wp-content\/uploads\/2014\/11\/anaheim-SX-2015.jpg","type":"image\/jpeg"}],"author":"Fran\u00e7ois FX","twitter_misc":{"\u00c9crit par":"Fran\u00e7ois FX","Dur\u00e9e de lecture estim\u00e9e":"1 minute"},"schema":{"@context":"https:\/\/schema.org","@graph":[{"@type":"WebPage","@id":"https:\/\/www.fxmotors.fr\/blog\/actualites\/cross\/roczen-devance-dungey-supercross-anaheim-ii","url":"https:\/\/www.fxmotors.fr\/blog\/actualites\/cross\/roczen-devance-dungey-supercross-anaheim-ii","name":"Roczen devance Dungey - Supercross - Anaheim II - Blog Fx Motors","isPartOf":{"@id":"https:\/\/www.fxmotors.fr\/blog\/#website"},"datePublished":"2015-01-18T16:00:30+00:00","dateModified":"2022-02-11T11:17:25+00:00","author":{"@id":"https:\/\/www.fxmotors.fr\/blog\/#\/schema\/person\/2552eaf1919a70b4dd426193193aa1f9"},"breadcrumb":{"@id":"https:\/\/www.fxmotors.fr\/blog\/actualites\/cross\/roczen-devance-dungey-supercross-anaheim-ii#breadcrumb"},"inLanguage":"fr-FR","potentialAction":[{"@type":"ReadAction","target":["https:\/\/www.fxmotors.fr\/blog\/actualites\/cross\/roczen-devance-dungey-supercross-anaheim-ii"]}]},{"@type":"BreadcrumbList","@id":"https:\/\/www.fxmotors.fr\/blog\/actualites\/cross\/roczen-devance-dungey-supercross-anaheim-ii#breadcrumb","itemListElement":[{"@type":"ListItem","position":1,"name":"Accueil","item":"https:\/\/www.fxmotors.fr\/blog"},{"@type":"ListItem","position":2,"name":"Roczen devance Dungey &#8211; Supercross &#8211; Anaheim II"}]},{"@type":"WebSite","@id":"https:\/\/www.fxmotors.fr\/blog\/#website","url":"https:\/\/www.fxmotors.fr\/blog\/","name":"Blog Fx Motors","description":"Le cross au quotidien","potentialAction":[{"@type":"SearchAction","target":{"@type":"EntryPoint","urlTemplate":"https:\/\/www.fxmotors.fr\/blog\/?s={search_term_string}"},"query-input":"required name=search_term_string"}],"inLanguage":"fr-FR"},{"@type":"Person","@id":"https:\/\/www.fxmotors.fr\/blog\/#\/schema\/person\/2552eaf1919a70b4dd426193193aa1f9","name":"Fran\u00e7ois FX","image":{"@type":"ImageObject","inLanguage":"fr-FR","@id":"https:\/\/www.fxmotors.fr\/blog\/#\/schema\/person\/image\/","url":"https:\/\/secure.gravatar.com\/avatar\/be662fde82dc95ae10165035ae3bb4ff?s=96&d=mm&r=g","contentUrl":"https:\/\/secure.gravatar.com\/avatar\/be662fde82dc95ae10165035ae3bb4ff?s=96&d=mm&r=g","caption":"Fran\u00e7ois FX"},"description":"Passionn\u00e9 de MX et pilote \u00e0 ses heures perdues ! Depuis 2009 il est Fx Motors ! Toujours de bons conseils, il saura vous faire partager son expertise et deviendra votre guide en mati\u00e8re de pi\u00e8ces et d'\u00e9quipements pour votre motocross","url":"https:\/\/www.fxmotors.fr\/blog\/author\/fxmotors"}]}},"jetpack_featured_media_url":"https:\/\/www.fxmotors.fr\/blog\/wp-content\/uploads\/2014\/11\/anaheim-SX-2015.jpg","jetpack_sharing_enabled":true,"jetpack_shortlink":"https:\/\/wp.me\/p5HoXY-3D","_links":{"self":[{"href":"https:\/\/www.fxmotors.fr\/blog\/wp-json\/wp\/v2\/posts\/225"}],"collection":[{"href":"https:\/\/www.fxmotors.fr\/blog\/wp-json\/wp\/v2\/posts"}],"about":[{"href":"https:\/\/www.fxmotors.fr\/blog\/wp-json\/wp\/v2\/types\/post"}],"author":[{"embeddable":true,"href":"https:\/\/www.fxmotors.fr\/blog\/wp-json\/wp\/v2\/users\/2"}],"replies":[{"embeddable":true,"href":"https:\/\/www.fxmotors.fr\/blog\/wp-json\/wp\/v2\/comments?post=225"}],"version-history":[{"count":2,"href":"https:\/\/www.fxmotors.fr\/blog\/wp-json\/wp\/v2\/posts\/225\/revisions"}],"predecessor-version":[{"id":3632,"href":"https:\/\/www.fxmotors.fr\/blog\/wp-json\/wp\/v2\/posts\/225\/revisions\/3632"}],"wp:featuredmedia":[{"embeddable":true,"href":"https:\/\/www.fxmotors.fr\/blog\/wp-json\/wp\/v2\/media\/308"}],"wp:attachment":[{"href":"https:\/\/www.fxmotors.fr\/blog\/wp-json\/wp\/v2\/media?parent=225"}],"wp:term":[{"taxonomy":"category","embeddable":true,"href":"https:\/\/www.fxmotors.fr\/blog\/wp-json\/wp\/v2\/categories?post=225"},{"taxonomy":"post_tag","embeddable":true,"href":"https:\/\/www.fxmotors.fr\/blog\/wp-json\/wp\/v2\/tags?post=225"}],"curies":[{"name":"wp","href":"https:\/\/api.w.org\/{rel}","templated":true}]}}