{"id":250,"date":"2015-01-20T23:07:34","date_gmt":"2015-01-20T23:07:34","guid":{"rendered":"http:\/\/s345064059.onlinehome.fr\/blog\/?p=250"},"modified":"2020-11-12T08:53:14","modified_gmt":"2020-11-12T08:53:14","slug":"les-chiffres-de-lenduropale-2015","status":"publish","type":"post","link":"https:\/\/www.fxmotors.fr\/blog\/actualites\/enduro\/les-chiffres-de-lenduropale-2015","title":{"rendered":"Les chiffres de l&rsquo;Enduropale 2015"},"content":{"rendered":"<p>Une infographie pr\u00e9sentant les principaux chiffres entourant l&rsquo;Enduropale 2015 (<em>source La Voix du Nord<\/em>)<\/p>\n<figure id=\"attachment_251\" aria-describedby=\"caption-attachment-251\" style=\"width: 500px\" class=\"wp-caption aligncenter\"><a href=\"\/blog\/wp-content\/uploads\/2015\/01\/infographie-enduropale-2015.png\"><img decoding=\"async\" loading=\"lazy\" class=\"wp-image-251\" src=\"\/blog\/wp-content\/uploads\/2015\/01\/infographie-enduropale-2015-271x300.png\" alt=\"infographie-enduropale-2015\" width=\"500\" height=\"552\" \/><\/a><figcaption id=\"caption-attachment-251\" class=\"wp-caption-text\">Infographie &#8211; Enduropale 2015<\/figcaption><\/figure>\n","protected":false},"excerpt":{"rendered":"<p><a class='more-link' href='https:\/\/www.fxmotors.fr\/blog\/actualites\/enduro\/les-chiffres-de-lenduropale-2015'>Lire l\u2019article<span class='screen-reader-text'>Les chiffres de l&rsquo;Enduropale 2015<\/span><\/a><\/p>","protected":false},"author":2,"featured_media":304,"comment_status":"open","ping_status":"open","sticky":false,"template":"","format":"standard","meta":{"jetpack_post_was_ever_published":false,"jetpack_publicize_message":"","jetpack_is_tweetstorm":false,"jetpack_publicize_feature_enabled":true,"jetpack_social_post_already_shared":false,"jetpack_social_options":[]},"categories":[5],"tags":[17],"jetpack_publicize_connections":[],"yoast_head":"<!-- This site is optimized with the Yoast SEO plugin v20.3 - https:\/\/yoast.com\/wordpress\/plugins\/seo\/ -->\n<title>Les chiffres de l&#039;Enduropale 2015 - Blog Fx Motors<\/title>\n<meta name=\"robots\" content=\"index, follow, max-snippet:-1, max-image-preview:large, max-video-preview:-1\" \/>\n<link rel=\"canonical\" href=\"https:\/\/www.fxmotors.fr\/blog\/actualites\/enduro\/les-chiffres-de-lenduropale-2015\" \/>\n<meta property=\"og:locale\" content=\"fr_FR\" \/>\n<meta property=\"og:type\" content=\"article\" \/>\n<meta property=\"og:title\" content=\"Les chiffres de l&#039;Enduropale 2015 - Blog Fx Motors\" \/>\n<meta property=\"og:url\" content=\"https:\/\/www.fxmotors.fr\/blog\/actualites\/enduro\/les-chiffres-de-lenduropale-2015\" \/>\n<meta property=\"og:site_name\" content=\"Blog Fx Motors\" \/>\n<meta property=\"article:published_time\" content=\"2015-01-20T23:07:34+00:00\" \/>\n<meta property=\"article:modified_time\" content=\"2020-11-12T08:53:14+00:00\" \/>\n<meta property=\"og:image\" content=\"https:\/\/www.fxmotors.fr\/blog\/wp-content\/uploads\/2014\/11\/infographie-enduropale-2015.png\" \/>\n\t<meta property=\"og:image:width\" content=\"868\" \/>\n\t<meta property=\"og:image:height\" content=\"958\" \/>\n\t<meta property=\"og:image:type\" content=\"image\/png\" \/>\n<meta name=\"author\" content=\"Fran\u00e7ois FX\" \/>\n<meta name=\"twitter:label1\" content=\"\u00c9crit par\" \/>\n\t<meta name=\"twitter:data1\" content=\"Fran\u00e7ois FX\" \/>\n<script type=\"application\/ld+json\" class=\"yoast-schema-graph\">{\"@context\":\"https:\/\/schema.org\",\"@graph\":[{\"@type\":\"WebPage\",\"@id\":\"https:\/\/www.fxmotors.fr\/blog\/actualites\/enduro\/les-chiffres-de-lenduropale-2015\",\"url\":\"https:\/\/www.fxmotors.fr\/blog\/actualites\/enduro\/les-chiffres-de-lenduropale-2015\",\"name\":\"Les chiffres de l'Enduropale 2015 - Blog Fx Motors\",\"isPartOf\":{\"@id\":\"https:\/\/www.fxmotors.fr\/blog\/#website\"},\"datePublished\":\"2015-01-20T23:07:34+00:00\",\"dateModified\":\"2020-11-12T08:53:14+00:00\",\"author\":{\"@id\":\"https:\/\/www.fxmotors.fr\/blog\/#\/schema\/person\/2552eaf1919a70b4dd426193193aa1f9\"},\"breadcrumb\":{\"@id\":\"https:\/\/www.fxmotors.fr\/blog\/actualites\/enduro\/les-chiffres-de-lenduropale-2015#breadcrumb\"},\"inLanguage\":\"fr-FR\",\"potentialAction\":[{\"@type\":\"ReadAction\",\"target\":[\"https:\/\/www.fxmotors.fr\/blog\/actualites\/enduro\/les-chiffres-de-lenduropale-2015\"]}]},{\"@type\":\"BreadcrumbList\",\"@id\":\"https:\/\/www.fxmotors.fr\/blog\/actualites\/enduro\/les-chiffres-de-lenduropale-2015#breadcrumb\",\"itemListElement\":[{\"@type\":\"ListItem\",\"position\":1,\"name\":\"Accueil\",\"item\":\"https:\/\/www.fxmotors.fr\/blog\"},{\"@type\":\"ListItem\",\"position\":2,\"name\":\"Les chiffres de l&rsquo;Enduropale 2015\"}]},{\"@type\":\"WebSite\",\"@id\":\"https:\/\/www.fxmotors.fr\/blog\/#website\",\"url\":\"https:\/\/www.fxmotors.fr\/blog\/\",\"name\":\"Blog Fx Motors\",\"description\":\"Le cross au quotidien\",\"potentialAction\":[{\"@type\":\"SearchAction\",\"target\":{\"@type\":\"EntryPoint\",\"urlTemplate\":\"https:\/\/www.fxmotors.fr\/blog\/?s={search_term_string}\"},\"query-input\":\"required name=search_term_string\"}],\"inLanguage\":\"fr-FR\"},{\"@type\":\"Person\",\"@id\":\"https:\/\/www.fxmotors.fr\/blog\/#\/schema\/person\/2552eaf1919a70b4dd426193193aa1f9\",\"name\":\"Fran\u00e7ois FX\",\"image\":{\"@type\":\"ImageObject\",\"inLanguage\":\"fr-FR\",\"@id\":\"https:\/\/www.fxmotors.fr\/blog\/#\/schema\/person\/image\/\",\"url\":\"https:\/\/secure.gravatar.com\/avatar\/be662fde82dc95ae10165035ae3bb4ff?s=96&d=mm&r=g\",\"contentUrl\":\"https:\/\/secure.gravatar.com\/avatar\/be662fde82dc95ae10165035ae3bb4ff?s=96&d=mm&r=g\",\"caption\":\"Fran\u00e7ois FX\"},\"description\":\"Passionn\u00e9 de MX et pilote \u00e0 ses heures perdues ! Depuis 2009 il est Fx Motors ! Toujours de bons conseils, il saura vous faire partager son expertise et deviendra votre guide en mati\u00e8re de pi\u00e8ces et d'\u00e9quipements pour votre motocross\",\"url\":\"https:\/\/www.fxmotors.fr\/blog\/author\/fxmotors\"}]}<\/script>\n<!-- \/ Yoast SEO plugin. -->","yoast_head_json":{"title":"Les chiffres de l'Enduropale 2015 - Blog Fx Motors","robots":{"index":"index","follow":"follow","max-snippet":"max-snippet:-1","max-image-preview":"max-image-preview:large","max-video-preview":"max-video-preview:-1"},"canonical":"https:\/\/www.fxmotors.fr\/blog\/actualites\/enduro\/les-chiffres-de-lenduropale-2015","og_locale":"fr_FR","og_type":"article","og_title":"Les chiffres de l'Enduropale 2015 - Blog Fx Motors","og_url":"https:\/\/www.fxmotors.fr\/blog\/actualites\/enduro\/les-chiffres-de-lenduropale-2015","og_site_name":"Blog Fx Motors","article_published_time":"2015-01-20T23:07:34+00:00","article_modified_time":"2020-11-12T08:53:14+00:00","og_image":[{"width":868,"height":958,"url":"https:\/\/www.fxmotors.fr\/blog\/wp-content\/uploads\/2014\/11\/infographie-enduropale-2015.png","type":"image\/png"}],"author":"Fran\u00e7ois FX","twitter_misc":{"\u00c9crit par":"Fran\u00e7ois FX"},"schema":{"@context":"https:\/\/schema.org","@graph":[{"@type":"WebPage","@id":"https:\/\/www.fxmotors.fr\/blog\/actualites\/enduro\/les-chiffres-de-lenduropale-2015","url":"https:\/\/www.fxmotors.fr\/blog\/actualites\/enduro\/les-chiffres-de-lenduropale-2015","name":"Les chiffres de l'Enduropale 2015 - Blog Fx Motors","isPartOf":{"@id":"https:\/\/www.fxmotors.fr\/blog\/#website"},"datePublished":"2015-01-20T23:07:34+00:00","dateModified":"2020-11-12T08:53:14+00:00","author":{"@id":"https:\/\/www.fxmotors.fr\/blog\/#\/schema\/person\/2552eaf1919a70b4dd426193193aa1f9"},"breadcrumb":{"@id":"https:\/\/www.fxmotors.fr\/blog\/actualites\/enduro\/les-chiffres-de-lenduropale-2015#breadcrumb"},"inLanguage":"fr-FR","potentialAction":[{"@type":"ReadAction","target":["https:\/\/www.fxmotors.fr\/blog\/actualites\/enduro\/les-chiffres-de-lenduropale-2015"]}]},{"@type":"BreadcrumbList","@id":"https:\/\/www.fxmotors.fr\/blog\/actualites\/enduro\/les-chiffres-de-lenduropale-2015#breadcrumb","itemListElement":[{"@type":"ListItem","position":1,"name":"Accueil","item":"https:\/\/www.fxmotors.fr\/blog"},{"@type":"ListItem","position":2,"name":"Les chiffres de l&rsquo;Enduropale 2015"}]},{"@type":"WebSite","@id":"https:\/\/www.fxmotors.fr\/blog\/#website","url":"https:\/\/www.fxmotors.fr\/blog\/","name":"Blog Fx Motors","description":"Le cross au quotidien","potentialAction":[{"@type":"SearchAction","target":{"@type":"EntryPoint","urlTemplate":"https:\/\/www.fxmotors.fr\/blog\/?s={search_term_string}"},"query-input":"required name=search_term_string"}],"inLanguage":"fr-FR"},{"@type":"Person","@id":"https:\/\/www.fxmotors.fr\/blog\/#\/schema\/person\/2552eaf1919a70b4dd426193193aa1f9","name":"Fran\u00e7ois FX","image":{"@type":"ImageObject","inLanguage":"fr-FR","@id":"https:\/\/www.fxmotors.fr\/blog\/#\/schema\/person\/image\/","url":"https:\/\/secure.gravatar.com\/avatar\/be662fde82dc95ae10165035ae3bb4ff?s=96&d=mm&r=g","contentUrl":"https:\/\/secure.gravatar.com\/avatar\/be662fde82dc95ae10165035ae3bb4ff?s=96&d=mm&r=g","caption":"Fran\u00e7ois FX"},"description":"Passionn\u00e9 de MX et pilote \u00e0 ses heures perdues ! Depuis 2009 il est Fx Motors ! Toujours de bons conseils, il saura vous faire partager son expertise et deviendra votre guide en mati\u00e8re de pi\u00e8ces et d'\u00e9quipements pour votre motocross","url":"https:\/\/www.fxmotors.fr\/blog\/author\/fxmotors"}]}},"jetpack_featured_media_url":"https:\/\/www.fxmotors.fr\/blog\/wp-content\/uploads\/2014\/11\/infographie-enduropale-2015.png","jetpack_sharing_enabled":true,"jetpack_shortlink":"https:\/\/wp.me\/p5HoXY-42","_links":{"self":[{"href":"https:\/\/www.fxmotors.fr\/blog\/wp-json\/wp\/v2\/posts\/250"}],"collection":[{"href":"https:\/\/www.fxmotors.fr\/blog\/wp-json\/wp\/v2\/posts"}],"about":[{"href":"https:\/\/www.fxmotors.fr\/blog\/wp-json\/wp\/v2\/types\/post"}],"author":[{"embeddable":true,"href":"https:\/\/www.fxmotors.fr\/blog\/wp-json\/wp\/v2\/users\/2"}],"replies":[{"embeddable":true,"href":"https:\/\/www.fxmotors.fr\/blog\/wp-json\/wp\/v2\/comments?post=250"}],"version-history":[{"count":3,"href":"https:\/\/www.fxmotors.fr\/blog\/wp-json\/wp\/v2\/posts\/250\/revisions"}],"predecessor-version":[{"id":3552,"href":"https:\/\/www.fxmotors.fr\/blog\/wp-json\/wp\/v2\/posts\/250\/revisions\/3552"}],"wp:featuredmedia":[{"embeddable":true,"href":"https:\/\/www.fxmotors.fr\/blog\/wp-json\/wp\/v2\/media\/304"}],"wp:attachment":[{"href":"https:\/\/www.fxmotors.fr\/blog\/wp-json\/wp\/v2\/media?parent=250"}],"wp:term":[{"taxonomy":"category","embeddable":true,"href":"https:\/\/www.fxmotors.fr\/blog\/wp-json\/wp\/v2\/categories?post=250"},{"taxonomy":"post_tag","embeddable":true,"href":"https:\/\/www.fxmotors.fr\/blog\/wp-json\/wp\/v2\/tags?post=250"}],"curies":[{"name":"wp","href":"https:\/\/api.w.org\/{rel}","templated":true}]}}