{"id":2955,"date":"2018-07-11T11:29:14","date_gmt":"2018-07-11T11:29:14","guid":{"rendered":"http:\/\/www.fxmotors.fr\/blog\/?p=2955"},"modified":"2022-02-11T10:21:57","modified_gmt":"2022-02-11T10:21:57","slug":"le-casque-6d-atr-2","status":"publish","type":"post","link":"https:\/\/www.fxmotors.fr\/blog\/equipement\/le-casque-6d-atr-2","title":{"rendered":"Le Casque 6D ATR-2"},"content":{"rendered":"<p>[vc_row][vc_column][vc_separator color=\u00a0\u00bbcustom\u00a0\u00bb accent_color=\u00a0\u00bb#dd3333&Prime;][vc_column_text css_animation=\u00a0\u00bbnone\u00a0\u00bb]<\/p>\n<p style=\"text-align: justify;\"><strong>6D Helmets est\u00a0une entreprise am\u00e9ricaine<\/strong> sp\u00e9cialis\u00e9e dans la conception et la fabrication de <a href=\"https:\/\/www.fxmotors.fr\/fr\/accueil\/equipements-motocross\/casques\" target=\"_blank\" rel=\"noopener\">casques pour la moto Tout-Terrain<\/a>, de route et pour le v\u00e9lo. Le nom 6D fait r\u00e9f\u00e9rence au terme d&rsquo;ing\u00e9nierie \u00ab\u00a06 Degrees of Freedom\u00a0\u00bb correspondant au <strong>d\u00e9placement d&rsquo;un objet dans l&rsquo;espace en 3 dimensions<\/strong> autour d&rsquo;un syst\u00e8me de coordonn\u00e9es X,Y et Z. Cette notion a ainsi \u00e9t\u00e9 utilis\u00e9e pour d\u00e9velopper <strong>un\u00a0syst\u00e8me de s\u00e9curit\u00e9 r\u00e9volutionnaire<\/strong>\u00a0qui s&rsquo;intitule :\u00a0<em>Omni Directional Suspension.<\/em>\u00a0Gr\u00e2ce \u00e0 ce proc\u00e9d\u00e9,\u00a0<strong>la capacit\u00e9 \u00e0 absorber et \u00e0 att\u00e9nuer l&rsquo;\u00e9nergie<\/strong> en cas d&rsquo;impact est consid\u00e9rablement am\u00e9lior\u00e9e. La <a href=\"https:\/\/www.fxmotors.fr\/fr\/accueil\/marques\/6d-helmets\" target=\"_blank\" rel=\"noopener\">marque 6D Helmets<\/a> s&rsquo;efforce \u00e0 produire des casques b\u00e9n\u00e9ficiant de l&rsquo;ODS comme les mod\u00e8les ATR-2 afin d&rsquo;offrir un niveau de<strong>\u00a0protection hautement performant<\/strong>\u00a0!<\/p>\n<p>[\/vc_column_text]<!--Erreur de Youtube : URL incorrecte-->[vc_separator color=\u00a0\u00bbcustom\u00a0\u00bb accent_color=\u00a0\u00bb#dd3333&Prime;][\/vc_column][\/vc_row][vc_row][vc_column][vc_column_text]<\/p>\n<h1>Un combin\u00e9 de technologie cr\u00e9ative et de s\u00e9curit\u00e9<\/h1>\n<p style=\"text-align: justify;\">Les casques ATR-2 de la marque 6D b\u00e9n\u00e9ficient <strong>d&rsquo;une des meilleures technologies de protection du march\u00e9 en terme de s\u00e9curit\u00e9<\/strong>. Son syst\u00e8me de <strong>protection omnidirectionnel<\/strong> a \u00e9t\u00e9 con\u00e7u pour <strong>prot\u00e9ger le pilote de fa\u00e7on optimale<\/strong> en cas de chute. Que ce soit \u00e0 <strong>faible ou \u00e0 grande vitesse<\/strong>, des tampons d&rsquo;amortissement reliant la calotte externe au syst\u00e8me ODS, d\u00e9placent la calotte interne en trois dimensions dans l&rsquo;objectif d&rsquo;<strong>att\u00e9nuer les acc\u00e9l\u00e9rations angulaires et lin\u00e9aires<\/strong>.<\/p>\n<p style=\"text-align: justify;\">Cette technologie vient apporter une solution \u00e0 la recherche m\u00e9dicale. En effet, les recherches ont aujourd&rsquo;hui r\u00e9v\u00e9l\u00e9 des <strong>conclusions alarmantes sur les commotions c\u00e9r\u00e9brales<\/strong>. Que ce soit dans leur gravit\u00e9 mais aussi leur effet sur le long terme pour le pilote. M\u00eame des commotions d\u00eetes \u00ab\u00a0mineures\u00a0\u00bb peuvent avoir des <strong>cons\u00e9quences tr\u00e8s graves sur le cerveau \u00e0 long terme<\/strong>.<\/p>\n<p style=\"text-align: justify;\">6D est la premi\u00e8re entreprise \u00e0 se soucier du <strong>transfert d&rsquo;\u00e9nergie \u00e0 faible intensit\u00e9<\/strong>. Elle permet \u00e0 tout pilote d&rsquo;\u00eatre <strong>prot\u00e9g\u00e9 d\u00e8s lorsqu&rsquo;une force est appliqu\u00e9e sur le casque<\/strong>, r\u00e9duisant ainsi le transfert d&rsquo;\u00e9nergie vers le cerveau.<img decoding=\"async\" loading=\"lazy\" class=\"aligncenter size-full wp-image-2963\" src=\"https:\/\/www.fxmotors.fr\/blog\/wp-content\/uploads\/2018\/07\/hotspot-5.jpg\" alt=\"\" width=\"1060\" height=\"721\" srcset=\"https:\/\/www.fxmotors.fr\/blog\/wp-content\/uploads\/2018\/07\/hotspot-5.jpg 1060w, https:\/\/www.fxmotors.fr\/blog\/wp-content\/uploads\/2018\/07\/hotspot-5-300x204.jpg 300w, https:\/\/www.fxmotors.fr\/blog\/wp-content\/uploads\/2018\/07\/hotspot-5-768x522.jpg 768w, https:\/\/www.fxmotors.fr\/blog\/wp-content\/uploads\/2018\/07\/hotspot-5-1024x697.jpg 1024w\" sizes=\"(max-width: 1060px) 100vw, 1060px\" \/><\/p>\n<p>[\/vc_column_text][vc_separator color=\u00a0\u00bbcustom\u00a0\u00bb accent_color=\u00a0\u00bb#dd3333&Prime;][\/vc_column][\/vc_row][vc_row][vc_column][vc_column_text]<\/p>\n<h1>Les caract\u00e9ristiques du 6D ATR-2<\/h1>\n<p style=\"text-align: justify;\">Au-del\u00e0 de leur technologie de pointe en terme de s\u00e9curit\u00e9, les casques 6D ATR-2 offrent\u00a0<strong>des caract\u00e9ristiques techniques toutes aussi performantes<\/strong> ! L&rsquo;un des premiers points se situe au niveau de la ventilation avec 17 \u00e9vents d&rsquo;a\u00e9ration permettant <strong>une optimisation de la circulation de l&rsquo;air<\/strong>. Ajouter \u00e0 cela une <strong>visi\u00e8re a\u00e9rodynamique<\/strong> afin d&rsquo;avoir un rendu final parfaitement <strong>profil\u00e9 et ergonomique<\/strong>. La coque externe est fabriqu\u00e9e en Tri-Composite et comprend <strong>une doublure en EPS<\/strong> pour davantage d&rsquo;amorti. Le design de la coque <strong>facilite le\u00a0port de vos <a href=\"https:\/\/www.fxmotors.fr\/fr\/accueil\/equipements-pilote\/masques-mx\">lunettes MX<\/a><\/strong> en ins\u00e9rant le bandeau dans son\u00a0emplacement.<\/p>\n<p style=\"text-align: justify;\">La mentonni\u00e8re, quand \u00e0 elle, est con\u00e7ue en Polypropyl\u00e8ne afin d&rsquo;assurer une bonne\u00a0<strong>absorption de l&rsquo;\u00e9nergie en cas d&rsquo;impact<\/strong>. Une moulure en polyur\u00e9thane est pr\u00e9sente pour <strong>amortir le choc au niveau du sternum<\/strong> lors d&rsquo;une \u00e9ventuelle chute du pilote vers l&rsquo;avant.<\/p>\n<p style=\"text-align: justify;\">Au niveau de l&rsquo;int\u00e9rieur du casque, vous retrouvez des <strong>coussinets de joues anatomiques\u00a0qui disposent du retrait rapide<\/strong> en cas d&rsquo;urgence. L&rsquo;int\u00e9rieur en <strong>tissu antibact\u00e9rien<\/strong> Dri-Lex est <strong>amovible et d\u00e9montable<\/strong> pour le lavage. La doublure interne est con\u00e7u en EPS (polystyr\u00e8ne expans\u00e9) alliant <strong>l\u00e9g\u00e8ret\u00e9 et s\u00e9curit\u00e9<\/strong>. Une sangle double-D est pr\u00e9sente pour une <strong>fermeture pr\u00e9cise et fiable<\/strong>.<\/p>\n<p style=\"text-align: justify;\">Concernant le poids du casque, il a \u00e9t\u00e9 <strong>pes\u00e9 chez FX MOTORS au poids de 1480g<\/strong> pour une taille L. Nous sommes d&rsquo;accord avec vous sur le fait que ce casque ait un poids assez \u00e9lev\u00e9&#8230; MAIS, il se justifie par le nombre important de<strong> technologies int\u00e9gr\u00e9es pour la protection du pilote<\/strong> (dont l&rsquo;ODS) ! Il b\u00e9n\u00e9ficie d&rsquo;<strong>une excellente r\u00e9partition des masses<\/strong> qui \u00e9vite la sensation de lourdeur lors de son port, ce qui permet de faire l&rsquo;impasse sur le poids. Chose non n\u00e9gligeable dans le confort du pilotage !<\/p>\n<p style=\"text-align: justify;\">Le casque 6D ATR-2 est disponible sous deux designs diff\u00e9rents. Le <strong>Circuit se d\u00e9termine par une finition brillante<\/strong> tandis que le <strong>Sector adopte un look plus agressif<\/strong> avec ses teintes sombres et mates.<\/p>\n<p>[\/vc_column_text][vc_images_carousel images=\u00a0\u00bb2965,2968,2966,2967&Prime; img_size=\u00a0\u00bb700&#215;700&Prime; onclick=\u00a0\u00bbcustom_link\u00a0\u00bb][vc_separator color=\u00a0\u00bbcustom\u00a0\u00bb accent_color=\u00a0\u00bb#dd3333&Prime;][\/vc_column][\/vc_row][vc_row][vc_column][vc_column_text]<\/p>\n<h1>Le Bilan ?<\/h1>\n<p style=\"text-align: justify;\">En conclusion, le casque 6D ART-2 arbore des<strong> lignes fines et ergonomiques<\/strong>, de par la coupe de sa visi\u00e8re et de sa mentonni\u00e8re. Son <strong>design et les diff\u00e9rents coloris restent minimalistes<\/strong> et compos\u00e9s d&rsquo;un m\u00e9lange de couleurs sombres et flashy. Nous observons ainsi un casque \u00e0 la tendance USA \u00e0 la fois\u00a0<strong>compact et agressif dans ses lignes<\/strong>. Les deux finitions disponibles (mate ou brillante) sauront satisfaire les pr\u00e9f\u00e9rences de chaque pilote ! Le\u00a06D ART-2 fait aujourd&rsquo;hui partie <strong>des protections haut de gammes les plus s\u00fbres du march\u00e9<\/strong>, sa technologie de pointe et son design laisseront aucun pilote insensible \u00e0 son charme ! Le petit plus sympa : <strong>un sac de transport tr\u00e8s fonctionnel est livr\u00e9 avec le casque !<\/strong><\/p>\n<p>[\/vc_column_text][vc_separator color=\u00a0\u00bbcustom\u00a0\u00bb accent_color=\u00a0\u00bb#dd3333&Prime;][\/vc_column][\/vc_row][vc_row][vc_column width=\u00a0\u00bb1\/2&Prime;][vc_gallery interval=\u00a0\u00bb3&Prime; images=\u00a0\u00bb2990,2988,2991&Prime; onclick=\u00a0\u00bbcustom_link\u00a0\u00bb][\/vc_column][vc_column width=\u00a0\u00bb1\/2&Prime;][vc_gallery interval=\u00a0\u00bb3&Prime; images=\u00a0\u00bb2989,2994,2992&Prime; onclick=\u00a0\u00bbcustom_link\u00a0\u00bb][\/vc_column][\/vc_row]<\/p>\n","protected":false},"excerpt":{"rendered":"<p><a class='more-link' href='https:\/\/www.fxmotors.fr\/blog\/equipement\/le-casque-6d-atr-2'>Lire l\u2019article<span class='screen-reader-text'>Le Casque 6D ATR-2<\/span><\/a><\/p>","protected":false},"author":3,"featured_media":2956,"comment_status":"open","ping_status":"open","sticky":false,"template":"","format":"standard","meta":{"jetpack_post_was_ever_published":false,"jetpack_publicize_message":"Le Casque 6D ATR-2","jetpack_is_tweetstorm":false,"jetpack_publicize_feature_enabled":true,"jetpack_social_post_already_shared":true,"jetpack_social_options":[]},"categories":[6],"tags":[],"jetpack_publicize_connections":[],"yoast_head":"<!-- This site is optimized with the Yoast SEO plugin v20.3 - https:\/\/yoast.com\/wordpress\/plugins\/seo\/ -->\n<title>Le Casque 6D ATR-2 - Blog Fx Motors<\/title>\n<meta name=\"robots\" content=\"index, follow, max-snippet:-1, max-image-preview:large, max-video-preview:-1\" \/>\n<link rel=\"canonical\" href=\"https:\/\/www.fxmotors.fr\/blog\/equipement\/le-casque-6d-atr-2\" \/>\n<meta property=\"og:locale\" content=\"fr_FR\" \/>\n<meta property=\"og:type\" content=\"article\" \/>\n<meta property=\"og:title\" content=\"Le Casque 6D ATR-2 - Blog Fx Motors\" \/>\n<meta property=\"og:url\" content=\"https:\/\/www.fxmotors.fr\/blog\/equipement\/le-casque-6d-atr-2\" \/>\n<meta property=\"og:site_name\" content=\"Blog Fx Motors\" \/>\n<meta property=\"article:published_time\" content=\"2018-07-11T11:29:14+00:00\" \/>\n<meta property=\"article:modified_time\" content=\"2022-02-11T10:21:57+00:00\" \/>\n<meta property=\"og:image\" content=\"https:\/\/www.fxmotors.fr\/blog\/wp-content\/uploads\/2018\/07\/Sector-beauty133.jpg\" \/>\n\t<meta property=\"og:image:width\" content=\"1280\" \/>\n\t<meta property=\"og:image:height\" content=\"640\" \/>\n\t<meta property=\"og:image:type\" content=\"image\/jpeg\" \/>\n<meta name=\"author\" content=\"Samantha\" \/>\n<meta name=\"twitter:label1\" content=\"\u00c9crit par\" \/>\n\t<meta name=\"twitter:data1\" content=\"Samantha\" \/>\n\t<meta name=\"twitter:label2\" content=\"Dur\u00e9e de lecture estim\u00e9e\" \/>\n\t<meta name=\"twitter:data2\" content=\"5 minutes\" \/>\n<script type=\"application\/ld+json\" class=\"yoast-schema-graph\">{\"@context\":\"https:\/\/schema.org\",\"@graph\":[{\"@type\":\"WebPage\",\"@id\":\"https:\/\/www.fxmotors.fr\/blog\/equipement\/le-casque-6d-atr-2\",\"url\":\"https:\/\/www.fxmotors.fr\/blog\/equipement\/le-casque-6d-atr-2\",\"name\":\"Le Casque 6D ATR-2 - Blog Fx Motors\",\"isPartOf\":{\"@id\":\"https:\/\/www.fxmotors.fr\/blog\/#website\"},\"datePublished\":\"2018-07-11T11:29:14+00:00\",\"dateModified\":\"2022-02-11T10:21:57+00:00\",\"author\":{\"@id\":\"https:\/\/www.fxmotors.fr\/blog\/#\/schema\/person\/a2d28dda38da52a9e363dc314d322111\"},\"breadcrumb\":{\"@id\":\"https:\/\/www.fxmotors.fr\/blog\/equipement\/le-casque-6d-atr-2#breadcrumb\"},\"inLanguage\":\"fr-FR\",\"potentialAction\":[{\"@type\":\"ReadAction\",\"target\":[\"https:\/\/www.fxmotors.fr\/blog\/equipement\/le-casque-6d-atr-2\"]}]},{\"@type\":\"BreadcrumbList\",\"@id\":\"https:\/\/www.fxmotors.fr\/blog\/equipement\/le-casque-6d-atr-2#breadcrumb\",\"itemListElement\":[{\"@type\":\"ListItem\",\"position\":1,\"name\":\"Accueil\",\"item\":\"https:\/\/www.fxmotors.fr\/blog\"},{\"@type\":\"ListItem\",\"position\":2,\"name\":\"Le Casque 6D ATR-2\"}]},{\"@type\":\"WebSite\",\"@id\":\"https:\/\/www.fxmotors.fr\/blog\/#website\",\"url\":\"https:\/\/www.fxmotors.fr\/blog\/\",\"name\":\"Blog Fx Motors\",\"description\":\"Le cross au quotidien\",\"potentialAction\":[{\"@type\":\"SearchAction\",\"target\":{\"@type\":\"EntryPoint\",\"urlTemplate\":\"https:\/\/www.fxmotors.fr\/blog\/?s={search_term_string}\"},\"query-input\":\"required name=search_term_string\"}],\"inLanguage\":\"fr-FR\"},{\"@type\":\"Person\",\"@id\":\"https:\/\/www.fxmotors.fr\/blog\/#\/schema\/person\/a2d28dda38da52a9e363dc314d322111\",\"name\":\"Samantha\",\"image\":{\"@type\":\"ImageObject\",\"inLanguage\":\"fr-FR\",\"@id\":\"https:\/\/www.fxmotors.fr\/blog\/#\/schema\/person\/image\/\",\"url\":\"https:\/\/secure.gravatar.com\/avatar\/63de8e20e00a7bc860bd0f03bc667d24?s=96&d=mm&r=g\",\"contentUrl\":\"https:\/\/secure.gravatar.com\/avatar\/63de8e20e00a7bc860bd0f03bc667d24?s=96&d=mm&r=g\",\"caption\":\"Samantha\"},\"url\":\"https:\/\/www.fxmotors.fr\/blog\/author\/samantha\"}]}<\/script>\n<!-- \/ Yoast SEO plugin. -->","yoast_head_json":{"title":"Le Casque 6D ATR-2 - Blog Fx Motors","robots":{"index":"index","follow":"follow","max-snippet":"max-snippet:-1","max-image-preview":"max-image-preview:large","max-video-preview":"max-video-preview:-1"},"canonical":"https:\/\/www.fxmotors.fr\/blog\/equipement\/le-casque-6d-atr-2","og_locale":"fr_FR","og_type":"article","og_title":"Le Casque 6D ATR-2 - Blog Fx Motors","og_url":"https:\/\/www.fxmotors.fr\/blog\/equipement\/le-casque-6d-atr-2","og_site_name":"Blog Fx Motors","article_published_time":"2018-07-11T11:29:14+00:00","article_modified_time":"2022-02-11T10:21:57+00:00","og_image":[{"width":1280,"height":640,"url":"https:\/\/www.fxmotors.fr\/blog\/wp-content\/uploads\/2018\/07\/Sector-beauty133.jpg","type":"image\/jpeg"}],"author":"Samantha","twitter_misc":{"\u00c9crit par":"Samantha","Dur\u00e9e de lecture estim\u00e9e":"5 minutes"},"schema":{"@context":"https:\/\/schema.org","@graph":[{"@type":"WebPage","@id":"https:\/\/www.fxmotors.fr\/blog\/equipement\/le-casque-6d-atr-2","url":"https:\/\/www.fxmotors.fr\/blog\/equipement\/le-casque-6d-atr-2","name":"Le Casque 6D ATR-2 - Blog Fx Motors","isPartOf":{"@id":"https:\/\/www.fxmotors.fr\/blog\/#website"},"datePublished":"2018-07-11T11:29:14+00:00","dateModified":"2022-02-11T10:21:57+00:00","author":{"@id":"https:\/\/www.fxmotors.fr\/blog\/#\/schema\/person\/a2d28dda38da52a9e363dc314d322111"},"breadcrumb":{"@id":"https:\/\/www.fxmotors.fr\/blog\/equipement\/le-casque-6d-atr-2#breadcrumb"},"inLanguage":"fr-FR","potentialAction":[{"@type":"ReadAction","target":["https:\/\/www.fxmotors.fr\/blog\/equipement\/le-casque-6d-atr-2"]}]},{"@type":"BreadcrumbList","@id":"https:\/\/www.fxmotors.fr\/blog\/equipement\/le-casque-6d-atr-2#breadcrumb","itemListElement":[{"@type":"ListItem","position":1,"name":"Accueil","item":"https:\/\/www.fxmotors.fr\/blog"},{"@type":"ListItem","position":2,"name":"Le Casque 6D ATR-2"}]},{"@type":"WebSite","@id":"https:\/\/www.fxmotors.fr\/blog\/#website","url":"https:\/\/www.fxmotors.fr\/blog\/","name":"Blog Fx Motors","description":"Le cross au quotidien","potentialAction":[{"@type":"SearchAction","target":{"@type":"EntryPoint","urlTemplate":"https:\/\/www.fxmotors.fr\/blog\/?s={search_term_string}"},"query-input":"required name=search_term_string"}],"inLanguage":"fr-FR"},{"@type":"Person","@id":"https:\/\/www.fxmotors.fr\/blog\/#\/schema\/person\/a2d28dda38da52a9e363dc314d322111","name":"Samantha","image":{"@type":"ImageObject","inLanguage":"fr-FR","@id":"https:\/\/www.fxmotors.fr\/blog\/#\/schema\/person\/image\/","url":"https:\/\/secure.gravatar.com\/avatar\/63de8e20e00a7bc860bd0f03bc667d24?s=96&d=mm&r=g","contentUrl":"https:\/\/secure.gravatar.com\/avatar\/63de8e20e00a7bc860bd0f03bc667d24?s=96&d=mm&r=g","caption":"Samantha"},"url":"https:\/\/www.fxmotors.fr\/blog\/author\/samantha"}]}},"jetpack_featured_media_url":"https:\/\/www.fxmotors.fr\/blog\/wp-content\/uploads\/2018\/07\/Sector-beauty133.jpg","jetpack_sharing_enabled":true,"jetpack_shortlink":"https:\/\/wp.me\/p5HoXY-LF","_links":{"self":[{"href":"https:\/\/www.fxmotors.fr\/blog\/wp-json\/wp\/v2\/posts\/2955"}],"collection":[{"href":"https:\/\/www.fxmotors.fr\/blog\/wp-json\/wp\/v2\/posts"}],"about":[{"href":"https:\/\/www.fxmotors.fr\/blog\/wp-json\/wp\/v2\/types\/post"}],"author":[{"embeddable":true,"href":"https:\/\/www.fxmotors.fr\/blog\/wp-json\/wp\/v2\/users\/3"}],"replies":[{"embeddable":true,"href":"https:\/\/www.fxmotors.fr\/blog\/wp-json\/wp\/v2\/comments?post=2955"}],"version-history":[{"count":30,"href":"https:\/\/www.fxmotors.fr\/blog\/wp-json\/wp\/v2\/posts\/2955\/revisions"}],"predecessor-version":[{"id":3593,"href":"https:\/\/www.fxmotors.fr\/blog\/wp-json\/wp\/v2\/posts\/2955\/revisions\/3593"}],"wp:featuredmedia":[{"embeddable":true,"href":"https:\/\/www.fxmotors.fr\/blog\/wp-json\/wp\/v2\/media\/2956"}],"wp:attachment":[{"href":"https:\/\/www.fxmotors.fr\/blog\/wp-json\/wp\/v2\/media?parent=2955"}],"wp:term":[{"taxonomy":"category","embeddable":true,"href":"https:\/\/www.fxmotors.fr\/blog\/wp-json\/wp\/v2\/categories?post=2955"},{"taxonomy":"post_tag","embeddable":true,"href":"https:\/\/www.fxmotors.fr\/blog\/wp-json\/wp\/v2\/tags?post=2955"}],"curies":[{"name":"wp","href":"https:\/\/api.w.org\/{rel}","templated":true}]}}