{"id":3129,"date":"2018-09-21T13:56:44","date_gmt":"2018-09-21T13:56:44","guid":{"rendered":"http:\/\/www.fxmotors.fr\/blog\/?p=3129"},"modified":"2022-06-30T07:39:43","modified_gmt":"2022-06-30T07:39:43","slug":"nouvelle-collection-alpinestars-mx-2019","status":"publish","type":"post","link":"https:\/\/www.fxmotors.fr\/blog\/actualites\/nouvelle-collection-alpinestars-mx-2019","title":{"rendered":"Nouvelle Collection ALPINESTARS MX !"},"content":{"rendered":"<p>[vc_row][vc_column][vc_column_text]<\/p>\n<p style=\"text-align: justify;\">La nouvelle Collection Alpinestars MX 2019 est disponible chez FX MOTORS ! Venez d\u00e9couvrir toutes <strong>les nouveaut\u00e9s de la marque<\/strong> : Tenues, Bottes, Casques, Gants &amp; Sportswear.<\/p>\n<p style=\"text-align: justify;\">Retrouvez les nouvelles Tenues Cross Alpinestars MX19 2019 : Racer Braap, Racer Flagship, Racer Supermatic, Racer Tactical, Racer Tech Atomic, Supertech, Techstar Venom ! Alpinestars propose de <strong>nouveaux coloris et de nouvelles am\u00e9liorations techniques<\/strong> sur cette nouvelle collection 2019 !<\/p>\n<p style=\"text-align: justify;\">La nouveaut\u00e9 de la marque cette ann\u00e9e concerne les casques ! En effet, Alpinestars a con\u00e7u pour sa nouvelle collection MX 2019, un casque cross nomm\u00e9 Supertech S-M10 disponible en 2 coloris : le META &amp; le SOLID. B\u00e9n\u00e9ficiant du <strong>syst\u00e8me de protection MIPS<\/strong>, la marque a plac\u00e9 au centre de son utilisation <strong>la s\u00e9curit\u00e9 du pilote<\/strong>. On peut retrouver des mat\u00e9riaux comme <strong>la fibre de verre et le kevlar<\/strong> \u00e0 l&rsquo;image des casques de Formule 1.<\/p>\n<p style=\"text-align: justify;\">Les nouvelles bottes cross Alpinestars TECH 3, 5, 7 &amp; 10 sont de retour cette ann\u00e9e avec de <strong>nouveaux coloris et des caract\u00e9ristiques techniques<\/strong> toujours aussi performants ! Vous pourrez donc retrouver chez ces derni\u00e8res : <strong>flexibilit\u00e9, s\u00e9curit\u00e9, confort et l\u00e9g\u00e8ret\u00e9<\/strong>, leurs permettant de <strong>conserver leur qualit\u00e9 l\u00e9gendaire<\/strong> !<\/p>\n<p style=\"text-align: justify;\">Pour ce qui est des gants cross mx 2019, de <strong>nouveaux coloris<\/strong> sont disponibles pour les diff\u00e9rentes gammes : Racefend, Dune, Aviator &amp; Radar ! <strong>La qualit\u00e9 de la conception<\/strong> est toujours conserv\u00e9e avec des gants, <strong>l\u00e9ger, flexibles, ventil\u00e9es et r\u00e9sistants<\/strong>. Faites votre choix d\u00e8s maintenant parmi notre large gamme !<\/p>\n<p style=\"text-align: justify;\"><strong>Alpinestars<\/strong> est connu pour ses <strong>\u00e9quipements MX de qualit\u00e9<\/strong> depuis de nombreuses ann\u00e9es ! Mais la marque propose \u00e9galement <strong>sa propre gamme sportswear<\/strong> avec des sweats et de t-shirts, qu&rsquo;il est possible de porter en dehors des paddocks ! D\u00e9couvrez l&rsquo;ensemble de la collection Alpinestars Sportswear 2019 et n&rsquo;attendez plus pour vous \u00e9quiper !<\/p>\n<p>[\/vc_column_text][vc_separator color=\u00a0\u00bbcustom\u00a0\u00bb border_width=\u00a0\u00bb2&Prime; accent_color=\u00a0\u00bb#dd3333&Prime;][vc_single_image image=\u00a0\u00bb3144&Prime; img_size=\u00a0\u00bb800&#215;800&Prime; onclick=\u00a0\u00bbcustom_link\u00a0\u00bb img_link_target=\u00a0\u00bb_blank\u00a0\u00bb link=\u00a0\u00bbhttps:\/\/www.fxmotors.fr\/fr\/accueil\/marques\/alpinestars\u00a0\u00bb][\/vc_column][\/vc_row][vc_row][vc_column width=\u00a0\u00bb1\/2&Prime;][vc_single_image image=\u00a0\u00bb3135&Prime; img_size=\u00a0\u00bb800&#215;800&Prime; onclick=\u00a0\u00bbcustom_link\u00a0\u00bb][\/vc_column][vc_column width=\u00a0\u00bb1\/2&Prime;][vc_single_image image=\u00a0\u00bb3131&Prime; img_size=\u00a0\u00bb800&#215;800&Prime; onclick=\u00a0\u00bbcustom_link\u00a0\u00bb img_link_target=\u00a0\u00bb_blank\u00a0\u00bb][\/vc_column][\/vc_row][vc_row][vc_column width=\u00a0\u00bb1\/2&Prime;][vc_single_image image=\u00a0\u00bb3138&Prime; img_size=\u00a0\u00bb800&#215;800&Prime; onclick=\u00a0\u00bbcustom_link\u00a0\u00bb img_link_target=\u00a0\u00bb_blank\u00a0\u00bb][\/vc_column][vc_column width=\u00a0\u00bb1\/2&Prime;][vc_single_image image=\u00a0\u00bb3145&Prime; img_size=\u00a0\u00bb800&#215;800&Prime; onclick=\u00a0\u00bbcustom_link\u00a0\u00bb img_link_target=\u00a0\u00bb_blank\u00a0\u00bb][\/vc_column][\/vc_row][vc_row][vc_column][vc_separator color=\u00a0\u00bbcustom\u00a0\u00bb border_width=\u00a0\u00bb2&Prime; accent_color=\u00a0\u00bb#dd3333&Prime;][\/vc_column][\/vc_row][vc_row][vc_column][vc_single_image image=\u00a0\u00bb3134&Prime; img_size=\u00a0\u00bb800&#215;800&Prime; onclick=\u00a0\u00bbcustom_link\u00a0\u00bb img_link_target=\u00a0\u00bb_blank\u00a0\u00bb][\/vc_column][\/vc_row][vc_row][vc_column][vc_single_image image=\u00a0\u00bb3150&Prime; img_size=\u00a0\u00bb800&#215;800&Prime; onclick=\u00a0\u00bbcustom_link\u00a0\u00bb img_link_target=\u00a0\u00bb_blank\u00a0\u00bb][vc_separator color=\u00a0\u00bbcustom\u00a0\u00bb border_width=\u00a0\u00bb2&Prime; accent_color=\u00a0\u00bb#dd3333&Prime;][\/vc_column][\/vc_row][vc_row][vc_column][\/vc_column][\/vc_row]<\/p>\n","protected":false},"excerpt":{"rendered":"<p><a class='more-link' href='https:\/\/www.fxmotors.fr\/blog\/actualites\/nouvelle-collection-alpinestars-mx-2019'>Lire l\u2019article<span class='screen-reader-text'>Nouvelle Collection ALPINESTARS MX !<\/span><\/a><\/p>","protected":false},"author":3,"featured_media":3130,"comment_status":"open","ping_status":"open","sticky":false,"template":"","format":"standard","meta":{"jetpack_post_was_ever_published":false,"jetpack_publicize_message":"Nouvelle Collection ALPINESTARS MX 2019 !","jetpack_is_tweetstorm":false,"jetpack_publicize_feature_enabled":true,"jetpack_social_post_already_shared":true,"jetpack_social_options":[]},"categories":[2,6],"tags":[],"jetpack_publicize_connections":[],"yoast_head":"<!-- This site is optimized with the Yoast SEO plugin v20.3 - https:\/\/yoast.com\/wordpress\/plugins\/seo\/ -->\n<title>Nouvelle Collection ALPINESTARS MX ! - Blog Fx Motors<\/title>\n<meta name=\"robots\" content=\"index, follow, max-snippet:-1, max-image-preview:large, max-video-preview:-1\" \/>\n<link rel=\"canonical\" href=\"https:\/\/www.fxmotors.fr\/blog\/actualites\/nouvelle-collection-alpinestars-mx-2019\" \/>\n<meta property=\"og:locale\" content=\"fr_FR\" \/>\n<meta property=\"og:type\" content=\"article\" \/>\n<meta property=\"og:title\" content=\"Nouvelle Collection ALPINESTARS MX ! - Blog Fx Motors\" \/>\n<meta property=\"og:url\" content=\"https:\/\/www.fxmotors.fr\/blog\/actualites\/nouvelle-collection-alpinestars-mx-2019\" \/>\n<meta property=\"og:site_name\" content=\"Blog Fx Motors\" \/>\n<meta property=\"article:published_time\" content=\"2018-09-21T13:56:44+00:00\" \/>\n<meta property=\"article:modified_time\" content=\"2022-06-30T07:39:43+00:00\" \/>\n<meta property=\"og:image\" content=\"https:\/\/www.fxmotors.fr\/blog\/wp-content\/uploads\/2018\/09\/article-blog-collection-alpinestars-2019.jpg\" \/>\n\t<meta property=\"og:image:width\" content=\"1280\" \/>\n\t<meta property=\"og:image:height\" content=\"639\" \/>\n\t<meta property=\"og:image:type\" content=\"image\/jpeg\" \/>\n<meta name=\"author\" content=\"Samantha\" \/>\n<meta name=\"twitter:label1\" content=\"\u00c9crit par\" \/>\n\t<meta name=\"twitter:data1\" content=\"Samantha\" \/>\n\t<meta name=\"twitter:label2\" content=\"Dur\u00e9e de lecture estim\u00e9e\" \/>\n\t<meta name=\"twitter:data2\" content=\"2 minutes\" \/>\n<script type=\"application\/ld+json\" class=\"yoast-schema-graph\">{\"@context\":\"https:\/\/schema.org\",\"@graph\":[{\"@type\":\"WebPage\",\"@id\":\"https:\/\/www.fxmotors.fr\/blog\/actualites\/nouvelle-collection-alpinestars-mx-2019\",\"url\":\"https:\/\/www.fxmotors.fr\/blog\/actualites\/nouvelle-collection-alpinestars-mx-2019\",\"name\":\"Nouvelle Collection ALPINESTARS MX ! - Blog Fx Motors\",\"isPartOf\":{\"@id\":\"https:\/\/www.fxmotors.fr\/blog\/#website\"},\"datePublished\":\"2018-09-21T13:56:44+00:00\",\"dateModified\":\"2022-06-30T07:39:43+00:00\",\"author\":{\"@id\":\"https:\/\/www.fxmotors.fr\/blog\/#\/schema\/person\/a2d28dda38da52a9e363dc314d322111\"},\"breadcrumb\":{\"@id\":\"https:\/\/www.fxmotors.fr\/blog\/actualites\/nouvelle-collection-alpinestars-mx-2019#breadcrumb\"},\"inLanguage\":\"fr-FR\",\"potentialAction\":[{\"@type\":\"ReadAction\",\"target\":[\"https:\/\/www.fxmotors.fr\/blog\/actualites\/nouvelle-collection-alpinestars-mx-2019\"]}]},{\"@type\":\"BreadcrumbList\",\"@id\":\"https:\/\/www.fxmotors.fr\/blog\/actualites\/nouvelle-collection-alpinestars-mx-2019#breadcrumb\",\"itemListElement\":[{\"@type\":\"ListItem\",\"position\":1,\"name\":\"Accueil\",\"item\":\"https:\/\/www.fxmotors.fr\/blog\"},{\"@type\":\"ListItem\",\"position\":2,\"name\":\"Nouvelle Collection ALPINESTARS MX !\"}]},{\"@type\":\"WebSite\",\"@id\":\"https:\/\/www.fxmotors.fr\/blog\/#website\",\"url\":\"https:\/\/www.fxmotors.fr\/blog\/\",\"name\":\"Blog Fx Motors\",\"description\":\"Le cross au quotidien\",\"potentialAction\":[{\"@type\":\"SearchAction\",\"target\":{\"@type\":\"EntryPoint\",\"urlTemplate\":\"https:\/\/www.fxmotors.fr\/blog\/?s={search_term_string}\"},\"query-input\":\"required name=search_term_string\"}],\"inLanguage\":\"fr-FR\"},{\"@type\":\"Person\",\"@id\":\"https:\/\/www.fxmotors.fr\/blog\/#\/schema\/person\/a2d28dda38da52a9e363dc314d322111\",\"name\":\"Samantha\",\"image\":{\"@type\":\"ImageObject\",\"inLanguage\":\"fr-FR\",\"@id\":\"https:\/\/www.fxmotors.fr\/blog\/#\/schema\/person\/image\/\",\"url\":\"https:\/\/secure.gravatar.com\/avatar\/63de8e20e00a7bc860bd0f03bc667d24?s=96&d=mm&r=g\",\"contentUrl\":\"https:\/\/secure.gravatar.com\/avatar\/63de8e20e00a7bc860bd0f03bc667d24?s=96&d=mm&r=g\",\"caption\":\"Samantha\"},\"url\":\"https:\/\/www.fxmotors.fr\/blog\/author\/samantha\"}]}<\/script>\n<!-- \/ Yoast SEO plugin. -->","yoast_head_json":{"title":"Nouvelle Collection ALPINESTARS MX ! - Blog Fx Motors","robots":{"index":"index","follow":"follow","max-snippet":"max-snippet:-1","max-image-preview":"max-image-preview:large","max-video-preview":"max-video-preview:-1"},"canonical":"https:\/\/www.fxmotors.fr\/blog\/actualites\/nouvelle-collection-alpinestars-mx-2019","og_locale":"fr_FR","og_type":"article","og_title":"Nouvelle Collection ALPINESTARS MX ! - Blog Fx Motors","og_url":"https:\/\/www.fxmotors.fr\/blog\/actualites\/nouvelle-collection-alpinestars-mx-2019","og_site_name":"Blog Fx Motors","article_published_time":"2018-09-21T13:56:44+00:00","article_modified_time":"2022-06-30T07:39:43+00:00","og_image":[{"width":1280,"height":639,"url":"https:\/\/www.fxmotors.fr\/blog\/wp-content\/uploads\/2018\/09\/article-blog-collection-alpinestars-2019.jpg","type":"image\/jpeg"}],"author":"Samantha","twitter_misc":{"\u00c9crit par":"Samantha","Dur\u00e9e de lecture estim\u00e9e":"2 minutes"},"schema":{"@context":"https:\/\/schema.org","@graph":[{"@type":"WebPage","@id":"https:\/\/www.fxmotors.fr\/blog\/actualites\/nouvelle-collection-alpinestars-mx-2019","url":"https:\/\/www.fxmotors.fr\/blog\/actualites\/nouvelle-collection-alpinestars-mx-2019","name":"Nouvelle Collection ALPINESTARS MX ! - Blog Fx Motors","isPartOf":{"@id":"https:\/\/www.fxmotors.fr\/blog\/#website"},"datePublished":"2018-09-21T13:56:44+00:00","dateModified":"2022-06-30T07:39:43+00:00","author":{"@id":"https:\/\/www.fxmotors.fr\/blog\/#\/schema\/person\/a2d28dda38da52a9e363dc314d322111"},"breadcrumb":{"@id":"https:\/\/www.fxmotors.fr\/blog\/actualites\/nouvelle-collection-alpinestars-mx-2019#breadcrumb"},"inLanguage":"fr-FR","potentialAction":[{"@type":"ReadAction","target":["https:\/\/www.fxmotors.fr\/blog\/actualites\/nouvelle-collection-alpinestars-mx-2019"]}]},{"@type":"BreadcrumbList","@id":"https:\/\/www.fxmotors.fr\/blog\/actualites\/nouvelle-collection-alpinestars-mx-2019#breadcrumb","itemListElement":[{"@type":"ListItem","position":1,"name":"Accueil","item":"https:\/\/www.fxmotors.fr\/blog"},{"@type":"ListItem","position":2,"name":"Nouvelle Collection ALPINESTARS MX !"}]},{"@type":"WebSite","@id":"https:\/\/www.fxmotors.fr\/blog\/#website","url":"https:\/\/www.fxmotors.fr\/blog\/","name":"Blog Fx Motors","description":"Le cross au quotidien","potentialAction":[{"@type":"SearchAction","target":{"@type":"EntryPoint","urlTemplate":"https:\/\/www.fxmotors.fr\/blog\/?s={search_term_string}"},"query-input":"required name=search_term_string"}],"inLanguage":"fr-FR"},{"@type":"Person","@id":"https:\/\/www.fxmotors.fr\/blog\/#\/schema\/person\/a2d28dda38da52a9e363dc314d322111","name":"Samantha","image":{"@type":"ImageObject","inLanguage":"fr-FR","@id":"https:\/\/www.fxmotors.fr\/blog\/#\/schema\/person\/image\/","url":"https:\/\/secure.gravatar.com\/avatar\/63de8e20e00a7bc860bd0f03bc667d24?s=96&d=mm&r=g","contentUrl":"https:\/\/secure.gravatar.com\/avatar\/63de8e20e00a7bc860bd0f03bc667d24?s=96&d=mm&r=g","caption":"Samantha"},"url":"https:\/\/www.fxmotors.fr\/blog\/author\/samantha"}]}},"jetpack_featured_media_url":"https:\/\/www.fxmotors.fr\/blog\/wp-content\/uploads\/2018\/09\/article-blog-collection-alpinestars-2019.jpg","jetpack_sharing_enabled":true,"jetpack_shortlink":"https:\/\/wp.me\/p5HoXY-Ot","_links":{"self":[{"href":"https:\/\/www.fxmotors.fr\/blog\/wp-json\/wp\/v2\/posts\/3129"}],"collection":[{"href":"https:\/\/www.fxmotors.fr\/blog\/wp-json\/wp\/v2\/posts"}],"about":[{"href":"https:\/\/www.fxmotors.fr\/blog\/wp-json\/wp\/v2\/types\/post"}],"author":[{"embeddable":true,"href":"https:\/\/www.fxmotors.fr\/blog\/wp-json\/wp\/v2\/users\/3"}],"replies":[{"embeddable":true,"href":"https:\/\/www.fxmotors.fr\/blog\/wp-json\/wp\/v2\/comments?post=3129"}],"version-history":[{"count":19,"href":"https:\/\/www.fxmotors.fr\/blog\/wp-json\/wp\/v2\/posts\/3129\/revisions"}],"predecessor-version":[{"id":3713,"href":"https:\/\/www.fxmotors.fr\/blog\/wp-json\/wp\/v2\/posts\/3129\/revisions\/3713"}],"wp:featuredmedia":[{"embeddable":true,"href":"https:\/\/www.fxmotors.fr\/blog\/wp-json\/wp\/v2\/media\/3130"}],"wp:attachment":[{"href":"https:\/\/www.fxmotors.fr\/blog\/wp-json\/wp\/v2\/media?parent=3129"}],"wp:term":[{"taxonomy":"category","embeddable":true,"href":"https:\/\/www.fxmotors.fr\/blog\/wp-json\/wp\/v2\/categories?post=3129"},{"taxonomy":"post_tag","embeddable":true,"href":"https:\/\/www.fxmotors.fr\/blog\/wp-json\/wp\/v2\/tags?post=3129"}],"curies":[{"name":"wp","href":"https:\/\/api.w.org\/{rel}","templated":true}]}}