{"id":3203,"date":"2018-10-31T07:47:54","date_gmt":"2018-10-31T07:47:54","guid":{"rendered":"http:\/\/www.fxmotors.fr\/blog\/?p=3203"},"modified":"2022-06-30T08:18:16","modified_gmt":"2022-06-30T08:18:16","slug":"sportswear-alpinestars-honda-2019","status":"publish","type":"post","link":"https:\/\/www.fxmotors.fr\/blog\/actualites\/sportswear-alpinestars-honda-2019","title":{"rendered":"Sportswear ALPINESTARS-HONDA"},"content":{"rendered":"<p>[vc_row][vc_column][vc_column_text]<\/p>\n<h2 style=\"text-align: center;\">D\u00e9couvrez la nouvelle Collection Alpinestars Honda 2019 !<\/h2>\n<p><strong>Alpinestars r\u00e9v\u00e8le sa nouvelle collaboration avec Honda<\/strong> au travers d&rsquo;une collection compos\u00e9e de plusieurs v\u00eatements sportswear :<\/p>\n<ul>\n<li>T-shirt,<\/li>\n<li>Polo,<\/li>\n<li>Casquette,<\/li>\n<li>Veste softshell ,<\/li>\n<li>Sweat \u00e0 capuche zipp\u00e9.<\/li>\n<\/ul>\n<p>[\/vc_column_text][vc_separator color=\u00a0\u00bbcustom\u00a0\u00bb border_width=\u00a0\u00bb2&Prime; accent_color=\u00a0\u00bb#dd0000&Prime;][\/vc_column][\/vc_row][vc_row][vc_column][vc_column_text]<\/p>\n<h3 style=\"text-align: center;\">Tee-Shirt Homme Alpinestars Honda 2019<\/h3>\n<p><img decoding=\"async\" loading=\"lazy\" class=\"aligncenter wp-image-3210 size-full\" src=\"https:\/\/www.fxmotors.fr\/blog\/wp-content\/uploads\/2018\/10\/tshirt-alpinestars-honda-rouge-2019.jpg\" alt=\"\" width=\"800\" height=\"800\" srcset=\"https:\/\/www.fxmotors.fr\/blog\/wp-content\/uploads\/2018\/10\/tshirt-alpinestars-honda-rouge-2019.jpg 800w, https:\/\/www.fxmotors.fr\/blog\/wp-content\/uploads\/2018\/10\/tshirt-alpinestars-honda-rouge-2019-150x150.jpg 150w, https:\/\/www.fxmotors.fr\/blog\/wp-content\/uploads\/2018\/10\/tshirt-alpinestars-honda-rouge-2019-300x300.jpg 300w, https:\/\/www.fxmotors.fr\/blog\/wp-content\/uploads\/2018\/10\/tshirt-alpinestars-honda-rouge-2019-768x768.jpg 768w\" sizes=\"(max-width: 800px) 100vw, 800px\" \/><\/p>\n<p style=\"text-align: justify;\">Pour cette nouvelle collaboration, voici <strong>le nouveau T-shirt Alpinestars-Honda<\/strong> aux couleurs de la marque japonaise. A la fois <strong>sobre et \u00e9pur\u00e9<\/strong>, on retrouve les logos des deux marques positionn\u00e9s sur plusieurs parties du t-shirt. Son <strong>col rond et sa mati\u00e8re 100% coton<\/strong> vous offriront <strong>un confort optimal<\/strong> pour vos sorties ensoleill\u00e9es ! Il pourra \u00e9galement se porter sous le sweat \u00e0 capuche zipp\u00e9 ou la veste softshell de la m\u00eame collection !<\/p>\n<p>[\/vc_column_text][vc_separator color=\u00a0\u00bbcustom\u00a0\u00bb border_width=\u00a0\u00bb2&Prime; accent_color=\u00a0\u00bb#dd0000&Prime;][\/vc_column][\/vc_row][vc_row][vc_column][vc_column_text]<\/p>\n<h3 class=\"title\" style=\"text-align: center;\">Polo Alpinestars Honda 2019<\/h3>\n<p><img decoding=\"async\" loading=\"lazy\" class=\"aligncenter wp-image-3207 size-full\" src=\"https:\/\/www.fxmotors.fr\/blog\/wp-content\/uploads\/2018\/10\/polo-alpinestars-honda-rouge-2019.jpg\" alt=\"\" width=\"800\" height=\"800\" srcset=\"https:\/\/www.fxmotors.fr\/blog\/wp-content\/uploads\/2018\/10\/polo-alpinestars-honda-rouge-2019.jpg 800w, https:\/\/www.fxmotors.fr\/blog\/wp-content\/uploads\/2018\/10\/polo-alpinestars-honda-rouge-2019-150x150.jpg 150w, https:\/\/www.fxmotors.fr\/blog\/wp-content\/uploads\/2018\/10\/polo-alpinestars-honda-rouge-2019-300x300.jpg 300w, https:\/\/www.fxmotors.fr\/blog\/wp-content\/uploads\/2018\/10\/polo-alpinestars-honda-rouge-2019-768x768.jpg 768w\" sizes=\"(max-width: 800px) 100vw, 800px\" \/><\/p>\n<p style=\"text-align: justify;\">Dans la m\u00eame cat\u00e9gorie <strong>v\u00eatement l\u00e9ger<\/strong>, d\u00e9couvrez ce <strong>polo \u00e0 manches courtes Alpinestars Honda<\/strong>. B\u00e9n\u00e9ficiant lui aussi des <strong>couleurs Honda ainsi que des logos des deux marques<\/strong>, sa conception est l\u00e9g\u00e8rement diff\u00e9rente puisqu&rsquo;il est fait \u00e0 la fois de<strong> coton mais aussi d&rsquo;\u00e9lasthanne<\/strong> pour allier<strong> l\u00e9g\u00e8ret\u00e9 et flexibilit\u00e9<\/strong>. Avec sa <strong>coupe droite<\/strong>, ce polo vous permettra d&rsquo;<strong>\u00eatre \u00e0 l&rsquo;aise<\/strong> dans vos mouvements et de <strong>ne pas avoir trop chaud<\/strong> par temp\u00e9ratures \u00e9lev\u00e9es. Il se combinera parfaitement avec des v\u00eatements basiques tels qu&rsquo;un short ou un jean !<\/p>\n<p>[\/vc_column_text][vc_separator color=\u00a0\u00bbcustom\u00a0\u00bb border_width=\u00a0\u00bb2&Prime; accent_color=\u00a0\u00bb#dd0000&Prime;][\/vc_column][\/vc_row][vc_row][vc_column][vc_column_text]<\/p>\n<h3 class=\"title\" style=\"text-align: center;\">Casquette Alpinestars Honda Flexfit<img decoding=\"async\" loading=\"lazy\" class=\"aligncenter wp-image-3206\" src=\"https:\/\/www.fxmotors.fr\/blog\/wp-content\/uploads\/2018\/10\/casquette-alpinestars-honda-rouge-2019.jpg\" alt=\"\" width=\"500\" height=\"500\" srcset=\"https:\/\/www.fxmotors.fr\/blog\/wp-content\/uploads\/2018\/10\/casquette-alpinestars-honda-rouge-2019.jpg 800w, https:\/\/www.fxmotors.fr\/blog\/wp-content\/uploads\/2018\/10\/casquette-alpinestars-honda-rouge-2019-150x150.jpg 150w, https:\/\/www.fxmotors.fr\/blog\/wp-content\/uploads\/2018\/10\/casquette-alpinestars-honda-rouge-2019-300x300.jpg 300w, https:\/\/www.fxmotors.fr\/blog\/wp-content\/uploads\/2018\/10\/casquette-alpinestars-honda-rouge-2019-768x768.jpg 768w\" sizes=\"(max-width: 500px) 100vw, 500px\" \/><\/h3>\n<p style=\"text-align: justify;\">Pour accessoiris\u00e9 votre style, rien de tel qu&rsquo;une casquette. La <strong>nouvelle casquette Alpinestars-Honda Flexfit<\/strong> saura apporter une derni\u00e8re touche de style \u00e0 votre look ! Le <strong>logo Honda brod\u00e9 en 3D<\/strong> sur l&rsquo;avant ainsi que sa <strong>visi\u00e8re courb\u00e9e,<\/strong> vous permettront \u00e0 la fois de vous <strong>prot\u00e9ger du soleil<\/strong> et aussi d&rsquo;<strong>affirmer votre passion<\/strong> ! Son syst\u00e8me Flexfit la rend <strong>extensible et permet un pr\u00e9-ajustement<\/strong> sur votre t\u00eate sans r\u00e9glage. Cette casquette est donc \u00e0 la fois <strong>confortable et offre un look agr\u00e9able<\/strong> largement appr\u00e9ci\u00e9 dans le monde du deux-roues !<\/p>\n<p>[\/vc_column_text][vc_separator color=\u00a0\u00bbcustom\u00a0\u00bb border_width=\u00a0\u00bb2&Prime; accent_color=\u00a0\u00bb#dd0000&Prime;][\/vc_column][\/vc_row][vc_row][vc_column][vc_column_text]<\/p>\n<h3 style=\"text-align: center;\">Veste Softshell Alpinestars Honda Rouge 2019<\/h3>\n<p><a href=\"https:\/\/www.fxmotors.fr\/fr\/accueil\/sportswear-et-accessoires\/sportswear-homme\/sweats-et-vestes\/veste-softshell-alpinestars-honda-2019\" target=\"_blank\" rel=\"noopener\"><img decoding=\"async\" loading=\"lazy\" class=\"aligncenter wp-image-3208 size-full\" src=\"https:\/\/www.fxmotors.fr\/blog\/wp-content\/uploads\/2018\/10\/softshell-alpinestars-honda-rouge-2019.jpg\" alt=\"\" width=\"800\" height=\"800\" srcset=\"https:\/\/www.fxmotors.fr\/blog\/wp-content\/uploads\/2018\/10\/softshell-alpinestars-honda-rouge-2019.jpg 800w, https:\/\/www.fxmotors.fr\/blog\/wp-content\/uploads\/2018\/10\/softshell-alpinestars-honda-rouge-2019-150x150.jpg 150w, https:\/\/www.fxmotors.fr\/blog\/wp-content\/uploads\/2018\/10\/softshell-alpinestars-honda-rouge-2019-300x300.jpg 300w, https:\/\/www.fxmotors.fr\/blog\/wp-content\/uploads\/2018\/10\/softshell-alpinestars-honda-rouge-2019-768x768.jpg 768w\" sizes=\"(max-width: 800px) 100vw, 800px\" \/><\/a><\/p>\n<p style=\"text-align: justify;\">L&rsquo;hiver arrive, il est temps de s&rsquo;\u00e9quiper pour affronter les basses temp\u00e9ratures ! Cette <strong>nouvelle veste softshell Alpinestars Honda<\/strong> est l&rsquo;\u00e9l\u00e9ment id\u00e9al pour braver le froid. B\u00e9n\u00e9ficiant d&rsquo;un <strong>int\u00e9rieur molletonn\u00e9 et d&rsquo;un col polaire<\/strong>, elle saura vous <strong>garder au chaud<\/strong>. Sa <strong>conception softshell<\/strong>\u00a0100% Polyester est \u00e9galement efficace par temps de pluie puisque sa <strong>mati\u00e8re d\u00e9perlante vous prot\u00e9gera de l&rsquo;eau et de l&rsquo;humidit\u00e9<\/strong>. Sa <strong>fermeture \u00e9clair thermo-soud\u00e9e<\/strong>\u00a0permet d&rsquo;offrir \u00e0 cette veste un<strong> \u00e9tanch\u00e9it\u00e9 optimale<\/strong>.<\/p>\n<p>[\/vc_column_text][vc_separator color=\u00a0\u00bbcustom\u00a0\u00bb border_width=\u00a0\u00bb2&Prime; accent_color=\u00a0\u00bb#dd0000&Prime;][\/vc_column][\/vc_row][vc_row][vc_column][vc_column_text]<\/p>\n<h3 class=\"title\" style=\"text-align: center;\">Sweat Homme Alpinestars Honda Zipp\u00e9 2019<\/h3>\n<p><img decoding=\"async\" loading=\"lazy\" class=\"aligncenter wp-image-3209 size-full\" src=\"https:\/\/www.fxmotors.fr\/blog\/wp-content\/uploads\/2018\/10\/sweat-alpinestars-honda-rouge-2019-fx.jpg\" alt=\"\" width=\"800\" height=\"800\" srcset=\"https:\/\/www.fxmotors.fr\/blog\/wp-content\/uploads\/2018\/10\/sweat-alpinestars-honda-rouge-2019-fx.jpg 800w, https:\/\/www.fxmotors.fr\/blog\/wp-content\/uploads\/2018\/10\/sweat-alpinestars-honda-rouge-2019-fx-150x150.jpg 150w, https:\/\/www.fxmotors.fr\/blog\/wp-content\/uploads\/2018\/10\/sweat-alpinestars-honda-rouge-2019-fx-300x300.jpg 300w, https:\/\/www.fxmotors.fr\/blog\/wp-content\/uploads\/2018\/10\/sweat-alpinestars-honda-rouge-2019-fx-768x768.jpg 768w\" sizes=\"(max-width: 800px) 100vw, 800px\" \/><\/p>\n<p style=\"text-align: justify;\">Pour finir, voici le <strong>nouveau sweat \u00e0 capuche Alpinestars Honda Zipp\u00e9<\/strong> de cette collaboration 2019. Il vous permettra d&rsquo;adopter <strong>un look d\u00e9contract\u00e9<\/strong> tout en portant<strong> vos deux marques MX pr\u00e9f\u00e9r\u00e9es<\/strong> ! Que ce soit <strong>en dehors des circuits ou dans les paddocks<\/strong> vous ne passerez pas inaper\u00e7u ! Ce sweat vous permettra \u00e9galement de <strong>rester au chaud<\/strong> gr\u00e2ce \u00e0 son <strong>int\u00e9rieur molletonn\u00e9<\/strong> lors temp\u00e9ratures douces ne permettant de porter qu&rsquo;un v\u00eatement l\u00e9ger.\u00a0 <strong>Adoptez avec ce sweat la casquette Alpinestars Honda de cette collaboration<\/strong>\u00a0pour un look complet !<\/p>\n<p>[\/vc_column_text][vc_separator color=\u00a0\u00bbcustom\u00a0\u00bb border_width=\u00a0\u00bb2&Prime; accent_color=\u00a0\u00bb#dd0000&Prime;][\/vc_column][\/vc_row]<\/p>\n","protected":false},"excerpt":{"rendered":"<p><a class='more-link' href='https:\/\/www.fxmotors.fr\/blog\/actualites\/sportswear-alpinestars-honda-2019'>Lire l\u2019article<span class='screen-reader-text'>Sportswear ALPINESTARS-HONDA<\/span><\/a><\/p>","protected":false},"author":3,"featured_media":3246,"comment_status":"open","ping_status":"open","sticky":false,"template":"","format":"standard","meta":{"jetpack_post_was_ever_published":false,"jetpack_publicize_message":"Collaboration Sportswear ALPINESTARS-HONDA 2019","jetpack_is_tweetstorm":false,"jetpack_publicize_feature_enabled":true,"jetpack_social_post_already_shared":true,"jetpack_social_options":[]},"categories":[2,6],"tags":[],"jetpack_publicize_connections":[],"yoast_head":"<!-- This site is optimized with the Yoast SEO plugin v20.3 - https:\/\/yoast.com\/wordpress\/plugins\/seo\/ -->\n<title>Sportswear ALPINESTARS-HONDA - Blog Fx Motors<\/title>\n<meta name=\"robots\" content=\"index, follow, max-snippet:-1, max-image-preview:large, max-video-preview:-1\" \/>\n<link rel=\"canonical\" href=\"https:\/\/www.fxmotors.fr\/blog\/actualites\/sportswear-alpinestars-honda-2019\" \/>\n<meta property=\"og:locale\" content=\"fr_FR\" \/>\n<meta property=\"og:type\" content=\"article\" \/>\n<meta property=\"og:title\" content=\"Sportswear ALPINESTARS-HONDA - Blog Fx Motors\" \/>\n<meta property=\"og:url\" content=\"https:\/\/www.fxmotors.fr\/blog\/actualites\/sportswear-alpinestars-honda-2019\" \/>\n<meta property=\"og:site_name\" content=\"Blog Fx Motors\" \/>\n<meta property=\"article:published_time\" content=\"2018-10-31T07:47:54+00:00\" \/>\n<meta property=\"article:modified_time\" content=\"2022-06-30T08:18:16+00:00\" \/>\n<meta property=\"og:image\" content=\"https:\/\/www.fxmotors.fr\/blog\/wp-content\/uploads\/2018\/10\/Untitled-23-2.jpg\" \/>\n\t<meta property=\"og:image:width\" content=\"1280\" \/>\n\t<meta property=\"og:image:height\" content=\"640\" \/>\n\t<meta property=\"og:image:type\" content=\"image\/jpeg\" \/>\n<meta name=\"author\" content=\"Samantha\" \/>\n<meta name=\"twitter:label1\" content=\"\u00c9crit par\" \/>\n\t<meta name=\"twitter:data1\" content=\"Samantha\" \/>\n\t<meta name=\"twitter:label2\" content=\"Dur\u00e9e de lecture estim\u00e9e\" \/>\n\t<meta name=\"twitter:data2\" content=\"3 minutes\" \/>\n<script type=\"application\/ld+json\" class=\"yoast-schema-graph\">{\"@context\":\"https:\/\/schema.org\",\"@graph\":[{\"@type\":\"WebPage\",\"@id\":\"https:\/\/www.fxmotors.fr\/blog\/actualites\/sportswear-alpinestars-honda-2019\",\"url\":\"https:\/\/www.fxmotors.fr\/blog\/actualites\/sportswear-alpinestars-honda-2019\",\"name\":\"Sportswear ALPINESTARS-HONDA - Blog Fx Motors\",\"isPartOf\":{\"@id\":\"https:\/\/www.fxmotors.fr\/blog\/#website\"},\"datePublished\":\"2018-10-31T07:47:54+00:00\",\"dateModified\":\"2022-06-30T08:18:16+00:00\",\"author\":{\"@id\":\"https:\/\/www.fxmotors.fr\/blog\/#\/schema\/person\/a2d28dda38da52a9e363dc314d322111\"},\"breadcrumb\":{\"@id\":\"https:\/\/www.fxmotors.fr\/blog\/actualites\/sportswear-alpinestars-honda-2019#breadcrumb\"},\"inLanguage\":\"fr-FR\",\"potentialAction\":[{\"@type\":\"ReadAction\",\"target\":[\"https:\/\/www.fxmotors.fr\/blog\/actualites\/sportswear-alpinestars-honda-2019\"]}]},{\"@type\":\"BreadcrumbList\",\"@id\":\"https:\/\/www.fxmotors.fr\/blog\/actualites\/sportswear-alpinestars-honda-2019#breadcrumb\",\"itemListElement\":[{\"@type\":\"ListItem\",\"position\":1,\"name\":\"Accueil\",\"item\":\"https:\/\/www.fxmotors.fr\/blog\"},{\"@type\":\"ListItem\",\"position\":2,\"name\":\"Sportswear ALPINESTARS-HONDA\"}]},{\"@type\":\"WebSite\",\"@id\":\"https:\/\/www.fxmotors.fr\/blog\/#website\",\"url\":\"https:\/\/www.fxmotors.fr\/blog\/\",\"name\":\"Blog Fx Motors\",\"description\":\"Le cross au quotidien\",\"potentialAction\":[{\"@type\":\"SearchAction\",\"target\":{\"@type\":\"EntryPoint\",\"urlTemplate\":\"https:\/\/www.fxmotors.fr\/blog\/?s={search_term_string}\"},\"query-input\":\"required name=search_term_string\"}],\"inLanguage\":\"fr-FR\"},{\"@type\":\"Person\",\"@id\":\"https:\/\/www.fxmotors.fr\/blog\/#\/schema\/person\/a2d28dda38da52a9e363dc314d322111\",\"name\":\"Samantha\",\"image\":{\"@type\":\"ImageObject\",\"inLanguage\":\"fr-FR\",\"@id\":\"https:\/\/www.fxmotors.fr\/blog\/#\/schema\/person\/image\/\",\"url\":\"https:\/\/secure.gravatar.com\/avatar\/63de8e20e00a7bc860bd0f03bc667d24?s=96&d=mm&r=g\",\"contentUrl\":\"https:\/\/secure.gravatar.com\/avatar\/63de8e20e00a7bc860bd0f03bc667d24?s=96&d=mm&r=g\",\"caption\":\"Samantha\"},\"url\":\"https:\/\/www.fxmotors.fr\/blog\/author\/samantha\"}]}<\/script>\n<!-- \/ Yoast SEO plugin. -->","yoast_head_json":{"title":"Sportswear ALPINESTARS-HONDA - Blog Fx Motors","robots":{"index":"index","follow":"follow","max-snippet":"max-snippet:-1","max-image-preview":"max-image-preview:large","max-video-preview":"max-video-preview:-1"},"canonical":"https:\/\/www.fxmotors.fr\/blog\/actualites\/sportswear-alpinestars-honda-2019","og_locale":"fr_FR","og_type":"article","og_title":"Sportswear ALPINESTARS-HONDA - Blog Fx Motors","og_url":"https:\/\/www.fxmotors.fr\/blog\/actualites\/sportswear-alpinestars-honda-2019","og_site_name":"Blog Fx Motors","article_published_time":"2018-10-31T07:47:54+00:00","article_modified_time":"2022-06-30T08:18:16+00:00","og_image":[{"width":1280,"height":640,"url":"https:\/\/www.fxmotors.fr\/blog\/wp-content\/uploads\/2018\/10\/Untitled-23-2.jpg","type":"image\/jpeg"}],"author":"Samantha","twitter_misc":{"\u00c9crit par":"Samantha","Dur\u00e9e de lecture estim\u00e9e":"3 minutes"},"schema":{"@context":"https:\/\/schema.org","@graph":[{"@type":"WebPage","@id":"https:\/\/www.fxmotors.fr\/blog\/actualites\/sportswear-alpinestars-honda-2019","url":"https:\/\/www.fxmotors.fr\/blog\/actualites\/sportswear-alpinestars-honda-2019","name":"Sportswear ALPINESTARS-HONDA - Blog Fx Motors","isPartOf":{"@id":"https:\/\/www.fxmotors.fr\/blog\/#website"},"datePublished":"2018-10-31T07:47:54+00:00","dateModified":"2022-06-30T08:18:16+00:00","author":{"@id":"https:\/\/www.fxmotors.fr\/blog\/#\/schema\/person\/a2d28dda38da52a9e363dc314d322111"},"breadcrumb":{"@id":"https:\/\/www.fxmotors.fr\/blog\/actualites\/sportswear-alpinestars-honda-2019#breadcrumb"},"inLanguage":"fr-FR","potentialAction":[{"@type":"ReadAction","target":["https:\/\/www.fxmotors.fr\/blog\/actualites\/sportswear-alpinestars-honda-2019"]}]},{"@type":"BreadcrumbList","@id":"https:\/\/www.fxmotors.fr\/blog\/actualites\/sportswear-alpinestars-honda-2019#breadcrumb","itemListElement":[{"@type":"ListItem","position":1,"name":"Accueil","item":"https:\/\/www.fxmotors.fr\/blog"},{"@type":"ListItem","position":2,"name":"Sportswear ALPINESTARS-HONDA"}]},{"@type":"WebSite","@id":"https:\/\/www.fxmotors.fr\/blog\/#website","url":"https:\/\/www.fxmotors.fr\/blog\/","name":"Blog Fx Motors","description":"Le cross au quotidien","potentialAction":[{"@type":"SearchAction","target":{"@type":"EntryPoint","urlTemplate":"https:\/\/www.fxmotors.fr\/blog\/?s={search_term_string}"},"query-input":"required name=search_term_string"}],"inLanguage":"fr-FR"},{"@type":"Person","@id":"https:\/\/www.fxmotors.fr\/blog\/#\/schema\/person\/a2d28dda38da52a9e363dc314d322111","name":"Samantha","image":{"@type":"ImageObject","inLanguage":"fr-FR","@id":"https:\/\/www.fxmotors.fr\/blog\/#\/schema\/person\/image\/","url":"https:\/\/secure.gravatar.com\/avatar\/63de8e20e00a7bc860bd0f03bc667d24?s=96&d=mm&r=g","contentUrl":"https:\/\/secure.gravatar.com\/avatar\/63de8e20e00a7bc860bd0f03bc667d24?s=96&d=mm&r=g","caption":"Samantha"},"url":"https:\/\/www.fxmotors.fr\/blog\/author\/samantha"}]}},"jetpack_featured_media_url":"https:\/\/www.fxmotors.fr\/blog\/wp-content\/uploads\/2018\/10\/Untitled-23-2.jpg","jetpack_sharing_enabled":true,"jetpack_shortlink":"https:\/\/wp.me\/p5HoXY-PF","_links":{"self":[{"href":"https:\/\/www.fxmotors.fr\/blog\/wp-json\/wp\/v2\/posts\/3203"}],"collection":[{"href":"https:\/\/www.fxmotors.fr\/blog\/wp-json\/wp\/v2\/posts"}],"about":[{"href":"https:\/\/www.fxmotors.fr\/blog\/wp-json\/wp\/v2\/types\/post"}],"author":[{"embeddable":true,"href":"https:\/\/www.fxmotors.fr\/blog\/wp-json\/wp\/v2\/users\/3"}],"replies":[{"embeddable":true,"href":"https:\/\/www.fxmotors.fr\/blog\/wp-json\/wp\/v2\/comments?post=3203"}],"version-history":[{"count":20,"href":"https:\/\/www.fxmotors.fr\/blog\/wp-json\/wp\/v2\/posts\/3203\/revisions"}],"predecessor-version":[{"id":3726,"href":"https:\/\/www.fxmotors.fr\/blog\/wp-json\/wp\/v2\/posts\/3203\/revisions\/3726"}],"wp:featuredmedia":[{"embeddable":true,"href":"https:\/\/www.fxmotors.fr\/blog\/wp-json\/wp\/v2\/media\/3246"}],"wp:attachment":[{"href":"https:\/\/www.fxmotors.fr\/blog\/wp-json\/wp\/v2\/media?parent=3203"}],"wp:term":[{"taxonomy":"category","embeddable":true,"href":"https:\/\/www.fxmotors.fr\/blog\/wp-json\/wp\/v2\/categories?post=3203"},{"taxonomy":"post_tag","embeddable":true,"href":"https:\/\/www.fxmotors.fr\/blog\/wp-json\/wp\/v2\/tags?post=3203"}],"curies":[{"name":"wp","href":"https:\/\/api.w.org\/{rel}","templated":true}]}}