{"id":3378,"date":"2019-03-14T08:33:43","date_gmt":"2019-03-14T08:33:43","guid":{"rendered":"http:\/\/www.fxmotors.fr\/blog\/?p=3378"},"modified":"2022-06-30T08:17:23","modified_gmt":"2022-06-30T08:17:23","slug":"nouveaux-masques-100-printemps-2019","status":"publish","type":"post","link":"https:\/\/www.fxmotors.fr\/blog\/equipement\/nouveaux-masques-100-printemps-2019","title":{"rendered":"Nouveaux Masques 100% &#8211; Printemps"},"content":{"rendered":"<p>[vc_row][vc_column][vc_column_text]<\/p>\n<h3 style=\"text-align: center;\"><strong>La Nouvelle Collection Printemps 2019<\/strong> des <a href=\"https:\/\/www.instagram.com\/ride100percent\/\">Masques Cross 100%<\/a> est disponible chez FX MOTORS !<\/h3>\n<p>&nbsp;<\/p>\n<h3 style=\"text-align: center;\">D\u00e9couvrez les nouveaux <strong>masques 100% Accuri et Racecraft<\/strong> ainsi que leurs <strong>nouveaux coloris<\/strong>, TOUS aussi styl\u00e9s les uns que les autres !<\/h3>\n<p>[\/vc_column_text][vc_separator color=\u00a0\u00bbcustom\u00a0\u00bb border_width=\u00a0\u00bb2&Prime; accent_color=\u00a0\u00bb#d6c068&Prime;][\/vc_column][\/vc_row][vc_row][vc_column width=\u00a0\u00bb1\/2&Prime;][vc_single_image image=\u00a0\u00bb3382&Prime; img_size=\u00a0\u00bb500&#215;500&Prime; onclick=\u00a0\u00bbcustom_link\u00a0\u00bb img_link_target=\u00a0\u00bb_blank\u00a0\u00bb css_animation=\u00a0\u00bbfadeInLeft\u00a0\u00bb link=\u00a0\u00bbhttps:\/\/www.fxmotors.fr\/fr\/accueil\/equipements-motocross\/masques-cross\/masques-mx\/100&Prime;][\/vc_column][vc_column width=\u00a0\u00bb1\/2&Prime;][vc_single_image image=\u00a0\u00bb3381&Prime; img_size=\u00a0\u00bb500&#215;500&Prime; onclick=\u00a0\u00bbcustom_link\u00a0\u00bb img_link_target=\u00a0\u00bb_blank\u00a0\u00bb css_animation=\u00a0\u00bbfadeInRight\u00a0\u00bb link=\u00a0\u00bbhttps:\/\/www.fxmotors.fr\/fr\/accueil\/equipements-motocross\/masques-cross\/masques-mx\/100&Prime;][\/vc_column][\/vc_row][vc_row][vc_column width=\u00a0\u00bb1\/2&Prime;][vc_single_image image=\u00a0\u00bb3380&Prime; img_size=\u00a0\u00bb500&#215;500&Prime; onclick=\u00a0\u00bbcustom_link\u00a0\u00bb img_link_target=\u00a0\u00bb_blank\u00a0\u00bb css_animation=\u00a0\u00bbfadeInLeft\u00a0\u00bb link=\u00a0\u00bbhttps:\/\/www.fxmotors.fr\/fr\/accueil\/equipements-motocross\/masques-cross\/masques-mx\/100&Prime;][vc_separator color=\u00a0\u00bbcustom\u00a0\u00bb border_width=\u00a0\u00bb2&Prime; accent_color=\u00a0\u00bb#d6c068&Prime;][\/vc_column][vc_column width=\u00a0\u00bb1\/2&Prime;][vc_single_image image=\u00a0\u00bb3379&Prime; img_size=\u00a0\u00bb500&#215;500&Prime; onclick=\u00a0\u00bbcustom_link\u00a0\u00bb img_link_target=\u00a0\u00bb_blank\u00a0\u00bb css_animation=\u00a0\u00bbfadeInRight\u00a0\u00bb link=\u00a0\u00bbhttps:\/\/www.fxmotors.fr\/fr\/accueil\/equipements-motocross\/masques-cross\/masques-mx\/100&Prime;][vc_separator color=\u00a0\u00bbcustom\u00a0\u00bb border_width=\u00a0\u00bb2&Prime; accent_color=\u00a0\u00bb#d6c068&Prime;][\/vc_column][\/vc_row][vc_row][vc_column][vc_column_text css_animation=\u00a0\u00bbnone\u00a0\u00bb]<\/p>\n<h2>Les Masques Cross 100% Racecraft<\/h2>\n<p style=\"text-align: justify;\"><strong>Les Masques 100% Racecraft<\/strong> reviennent pour le printemps avec <strong>5 nouveaux coloris<\/strong> tr\u00e8s tendance ! On n&rsquo;en finit plus de vanter les atouts de ces masques haut de gammes de la marque 100%. Mais il est n\u00e9cessaire de rappeler quelques \u00e9l\u00e9ments tr\u00e8s appr\u00e9ciables, et surtout de vous donner notre avis !<\/p>\n<p style=\"text-align: justify;\">Concernant leur c\u00f4t\u00e9 pratique, le Racecraft est dot\u00e9 d&rsquo;un <strong>prot\u00e8ge nez d\u00e9clipsable<\/strong> permettant de le nettoyer facilement. C\u00f4t\u00e9 confort, il b\u00e9n\u00e9ficie d&rsquo;une ventilation efficace pour <strong>lutter contre l&rsquo;humidit\u00e9<\/strong>. \u00c9quip\u00e9 \u00e9galement d&rsquo;une lentille Lexan, il <strong>r\u00e9duit l\u2019apparition de bu\u00e9e et des rayures<\/strong>. <strong>Livr\u00e9 avec un \u00e9cran miroir et un \u00e9cran clair<\/strong>, chaque Pilote aura le choix d&rsquo;installer\u00a0soit l&rsquo;un, soit l&rsquo;autre\u00a0en fonction de ses besoins et du temps.\u00a0Pour finir leur mousse triple \u00e9paisseur est capable d&rsquo;<strong>absorber l&rsquo;humidit\u00e9<\/strong> et assure\u00a0le confort du pilote tout au long de ses sorties !<\/p>\n<p>[\/vc_column_text][\/vc_column][\/vc_row][vc_row][vc_column][vc_images_carousel images=\u00a0\u00bb3397,3399,3396,3395,3400&Prime; img_size=\u00a0\u00bb700&#215;700&Prime; onclick=\u00a0\u00bbcustom_link\u00a0\u00bb custom_links_target=\u00a0\u00bb_blank\u00a0\u00bb css_animation=\u00a0\u00bbnone\u00a0\u00bb custom_links=\u00a0\u00bb#E-8_aHR0cHMlM0ElMkYlMkZ3d3cuZnhtb3RvcnMuZnIlMkZmciUyRmFjY3VlaWwlMkZlcXVpcGVtZW50cy1tb3RvY3Jvc3MlMkZtYXNxdWVzLWNyb3NzJTJGbWFzcXVlcy1teCUyRjEwMCUyQ2h0dHBzJTNBJTJGJTJGd3d3LmZ4bW90b3JzLmZyJTJGZnIlMkZhY2N1ZWlsJTJGZXF1aXBlbWVudHMtbW90b2Nyb3NzJTJGbWFzcXVlcy1jcm9zcyUyRm1hc3F1ZXMtbXglMkYxMDAlMkNodHRwcyUzQSUyRiUyRnd3dy5meG1vdG9ycy5mciUyRmZyJTJGYWNjdWVpbCUyRmVxdWlwZW1lbnRzLW1vdG9jcm9zcyUyRm1hc3F1ZXMtY3Jvc3MlMkZtYXNxdWVzLW14JTJGMTAwJTJDaHR0cHMlM0ElMkYlMkZ3d3cuZnhtb3RvcnMuZnIlMkZmciUyRmFjY3VlaWwlMkZlcXVpcGVtZW50cy1tb3RvY3Jvc3MlMkZtYXNxdWVzLWNyb3NzJTJGbWFzcXVlcy1teCUyRjEwMCUyQ2h0dHBzJTNBJTJGJTJGd3d3LmZ4bW90b3JzLmZyJTJGZnIlMkZhY2N1ZWlsJTJGZXF1aXBlbWVudHMtbW90b2Nyb3NzJTJGbWFzcXVlcy1jcm9zcyUyRm1hc3F1ZXMtbXglMkYxMDA=\u00a0\u00bb][vc_separator color=\u00a0\u00bbcustom\u00a0\u00bb border_width=\u00a0\u00bb2&Prime; accent_color=\u00a0\u00bb#d6c068&Prime;][\/vc_column][\/vc_row][vc_row][vc_column][vc_column_text css_animation=\u00a0\u00bbnone\u00a0\u00bb]<\/p>\n<h2>Les Masques Cross 100% Accuri<\/h2>\n<p style=\"text-align: justify;\">Autrement dit, <strong>les Best Sellers de la marque 100%<\/strong> ! Offrant <strong>un rapport qualit\u00e9\/prix excellent<\/strong>, les masques 100% Accuri sont con\u00e7us avec un mat\u00e9riau r\u00e9sistant : l&rsquo;Ur\u00e9thane. Ce dernier offre une <strong>flexibilit\u00e9 \u00e0 la monture tr\u00e8s appr\u00e9ciable<\/strong> surtout pour l&rsquo;ajustement sur le casque. On retrouve toujours <strong>une mousse triple \u00e9paisseur<\/strong> pour absorber l&rsquo;humidit\u00e9 et assurer <strong>le confort du pilote. <\/strong><\/p>\n<p style=\"text-align: justify;\"><strong>Les nouveaux Accuri 2019 sont disponibles en 4 coloris<\/strong> diff\u00e9rents cette ann\u00e9e ! Vous pouvez retrouver l&rsquo;Accuri Bali avec un coloris vert et blanc rappelant la ville indon\u00e9sienne en vogue du moment. Connue pour ses paysages paradisiaques et ses montagnes verdoyantes \u00e0 couper le souffle.<\/p>\n<p style=\"text-align: justify;\"><strong>A vous de d\u00e9couvrir les 3 autres Accuri<\/strong> : le Berlin, le Galak et le Supply !<\/p>\n<p>Chaque Accuri est disponible<strong> soit avec un \u00e9cran clair, soit avec un \u00e9cran miroir. <\/strong>Faites le bon choix ![\/vc_column_text][vc_images_carousel images=\u00a0\u00bb3414,3404,3405,3406&Prime; img_size=\u00a0\u00bb700&#215;700&Prime; onclick=\u00a0\u00bbcustom_link\u00a0\u00bb css_animation=\u00a0\u00bbnone\u00a0\u00bb custom_links=\u00a0\u00bb#E-8_aHR0cHMlM0ElMkYlMkZ3d3cuZnhtb3RvcnMuZnIlMkZmciUyRmFjY3VlaWwlMkZlcXVpcGVtZW50cy1tb3RvY3Jvc3MlMkZtYXNxdWVzLWNyb3NzJTJGbWFzcXVlcy1teCUyRjEwMCUyQ2h0dHBzJTNBJTJGJTJGd3d3LmZ4bW90b3JzLmZyJTJGZnIlMkZhY2N1ZWlsJTJGZXF1aXBlbWVudHMtbW90b2Nyb3NzJTJGbWFzcXVlcy1jcm9zcyUyRm1hc3F1ZXMtbXglMkYxMDAlMkNodHRwcyUzQSUyRiUyRnd3dy5meG1vdG9ycy5mciUyRmZyJTJGYWNjdWVpbCUyRmVxdWlwZW1lbnRzLW1vdG9jcm9zcyUyRm1hc3F1ZXMtY3Jvc3MlMkZtYXNxdWVzLW14JTJGMTAwJTJDaHR0cHMlM0ElMkYlMkZ3d3cuZnhtb3RvcnMuZnIlMkZmciUyRmFjY3VlaWwlMkZlcXVpcGVtZW50cy1tb3RvY3Jvc3MlMkZtYXNxdWVzLWNyb3NzJTJGbWFzcXVlcy1teCUyRjEwMCUyQyUyQw==\u00a0\u00bb][vc_separator color=\u00a0\u00bbcustom\u00a0\u00bb border_width=\u00a0\u00bb2&Prime; accent_color=\u00a0\u00bb#d6c068&Prime;][\/vc_column][\/vc_row][vc_row][vc_column][\/vc_column][\/vc_row]<\/p>\n","protected":false},"excerpt":{"rendered":"<p><a class='more-link' href='https:\/\/www.fxmotors.fr\/blog\/equipement\/nouveaux-masques-100-printemps-2019'>Lire l\u2019article<span class='screen-reader-text'>Nouveaux Masques 100% &#8211; Printemps<\/span><\/a><\/p>","protected":false},"author":3,"featured_media":3383,"comment_status":"open","ping_status":"open","sticky":false,"template":"","format":"standard","meta":{"jetpack_post_was_ever_published":false,"jetpack_publicize_message":"Nouveaux Masques 100% - Printemps 2019","jetpack_is_tweetstorm":false,"jetpack_publicize_feature_enabled":true,"jetpack_social_post_already_shared":true,"jetpack_social_options":[]},"categories":[6],"tags":[],"jetpack_publicize_connections":[],"yoast_head":"<!-- This site is optimized with the Yoast SEO plugin v20.3 - https:\/\/yoast.com\/wordpress\/plugins\/seo\/ -->\n<title>Nouveaux Masques 100% - Printemps - Blog Fx Motors<\/title>\n<meta name=\"robots\" content=\"index, follow, max-snippet:-1, max-image-preview:large, max-video-preview:-1\" \/>\n<link rel=\"canonical\" href=\"https:\/\/www.fxmotors.fr\/blog\/equipement\/nouveaux-masques-100-printemps-2019\" \/>\n<meta property=\"og:locale\" content=\"fr_FR\" \/>\n<meta property=\"og:type\" content=\"article\" \/>\n<meta property=\"og:title\" content=\"Nouveaux Masques 100% - Printemps - Blog Fx Motors\" \/>\n<meta property=\"og:url\" content=\"https:\/\/www.fxmotors.fr\/blog\/equipement\/nouveaux-masques-100-printemps-2019\" \/>\n<meta property=\"og:site_name\" content=\"Blog Fx Motors\" \/>\n<meta property=\"article:published_time\" content=\"2019-03-14T08:33:43+00:00\" \/>\n<meta property=\"article:modified_time\" content=\"2022-06-30T08:17:23+00:00\" \/>\n<meta property=\"og:image\" content=\"https:\/\/www.fxmotors.fr\/blog\/wp-content\/uploads\/2019\/03\/Fox-Monster.jpg\" \/>\n\t<meta property=\"og:image:width\" content=\"1280\" \/>\n\t<meta property=\"og:image:height\" content=\"630\" \/>\n\t<meta property=\"og:image:type\" content=\"image\/jpeg\" \/>\n<meta name=\"author\" content=\"Samantha\" \/>\n<meta name=\"twitter:label1\" content=\"\u00c9crit par\" \/>\n\t<meta name=\"twitter:data1\" content=\"Samantha\" \/>\n\t<meta name=\"twitter:label2\" content=\"Dur\u00e9e de lecture estim\u00e9e\" \/>\n\t<meta name=\"twitter:data2\" content=\"4 minutes\" \/>\n<script type=\"application\/ld+json\" class=\"yoast-schema-graph\">{\"@context\":\"https:\/\/schema.org\",\"@graph\":[{\"@type\":\"WebPage\",\"@id\":\"https:\/\/www.fxmotors.fr\/blog\/equipement\/nouveaux-masques-100-printemps-2019\",\"url\":\"https:\/\/www.fxmotors.fr\/blog\/equipement\/nouveaux-masques-100-printemps-2019\",\"name\":\"Nouveaux Masques 100% - Printemps - Blog Fx Motors\",\"isPartOf\":{\"@id\":\"https:\/\/www.fxmotors.fr\/blog\/#website\"},\"datePublished\":\"2019-03-14T08:33:43+00:00\",\"dateModified\":\"2022-06-30T08:17:23+00:00\",\"author\":{\"@id\":\"https:\/\/www.fxmotors.fr\/blog\/#\/schema\/person\/a2d28dda38da52a9e363dc314d322111\"},\"breadcrumb\":{\"@id\":\"https:\/\/www.fxmotors.fr\/blog\/equipement\/nouveaux-masques-100-printemps-2019#breadcrumb\"},\"inLanguage\":\"fr-FR\",\"potentialAction\":[{\"@type\":\"ReadAction\",\"target\":[\"https:\/\/www.fxmotors.fr\/blog\/equipement\/nouveaux-masques-100-printemps-2019\"]}]},{\"@type\":\"BreadcrumbList\",\"@id\":\"https:\/\/www.fxmotors.fr\/blog\/equipement\/nouveaux-masques-100-printemps-2019#breadcrumb\",\"itemListElement\":[{\"@type\":\"ListItem\",\"position\":1,\"name\":\"Accueil\",\"item\":\"https:\/\/www.fxmotors.fr\/blog\"},{\"@type\":\"ListItem\",\"position\":2,\"name\":\"Nouveaux Masques 100% &#8211; Printemps\"}]},{\"@type\":\"WebSite\",\"@id\":\"https:\/\/www.fxmotors.fr\/blog\/#website\",\"url\":\"https:\/\/www.fxmotors.fr\/blog\/\",\"name\":\"Blog Fx Motors\",\"description\":\"Le cross au quotidien\",\"potentialAction\":[{\"@type\":\"SearchAction\",\"target\":{\"@type\":\"EntryPoint\",\"urlTemplate\":\"https:\/\/www.fxmotors.fr\/blog\/?s={search_term_string}\"},\"query-input\":\"required name=search_term_string\"}],\"inLanguage\":\"fr-FR\"},{\"@type\":\"Person\",\"@id\":\"https:\/\/www.fxmotors.fr\/blog\/#\/schema\/person\/a2d28dda38da52a9e363dc314d322111\",\"name\":\"Samantha\",\"image\":{\"@type\":\"ImageObject\",\"inLanguage\":\"fr-FR\",\"@id\":\"https:\/\/www.fxmotors.fr\/blog\/#\/schema\/person\/image\/\",\"url\":\"https:\/\/secure.gravatar.com\/avatar\/63de8e20e00a7bc860bd0f03bc667d24?s=96&d=mm&r=g\",\"contentUrl\":\"https:\/\/secure.gravatar.com\/avatar\/63de8e20e00a7bc860bd0f03bc667d24?s=96&d=mm&r=g\",\"caption\":\"Samantha\"},\"url\":\"https:\/\/www.fxmotors.fr\/blog\/author\/samantha\"}]}<\/script>\n<!-- \/ Yoast SEO plugin. -->","yoast_head_json":{"title":"Nouveaux Masques 100% - Printemps - Blog Fx Motors","robots":{"index":"index","follow":"follow","max-snippet":"max-snippet:-1","max-image-preview":"max-image-preview:large","max-video-preview":"max-video-preview:-1"},"canonical":"https:\/\/www.fxmotors.fr\/blog\/equipement\/nouveaux-masques-100-printemps-2019","og_locale":"fr_FR","og_type":"article","og_title":"Nouveaux Masques 100% - Printemps - Blog Fx Motors","og_url":"https:\/\/www.fxmotors.fr\/blog\/equipement\/nouveaux-masques-100-printemps-2019","og_site_name":"Blog Fx Motors","article_published_time":"2019-03-14T08:33:43+00:00","article_modified_time":"2022-06-30T08:17:23+00:00","og_image":[{"width":1280,"height":630,"url":"https:\/\/www.fxmotors.fr\/blog\/wp-content\/uploads\/2019\/03\/Fox-Monster.jpg","type":"image\/jpeg"}],"author":"Samantha","twitter_misc":{"\u00c9crit par":"Samantha","Dur\u00e9e de lecture estim\u00e9e":"4 minutes"},"schema":{"@context":"https:\/\/schema.org","@graph":[{"@type":"WebPage","@id":"https:\/\/www.fxmotors.fr\/blog\/equipement\/nouveaux-masques-100-printemps-2019","url":"https:\/\/www.fxmotors.fr\/blog\/equipement\/nouveaux-masques-100-printemps-2019","name":"Nouveaux Masques 100% - Printemps - Blog Fx Motors","isPartOf":{"@id":"https:\/\/www.fxmotors.fr\/blog\/#website"},"datePublished":"2019-03-14T08:33:43+00:00","dateModified":"2022-06-30T08:17:23+00:00","author":{"@id":"https:\/\/www.fxmotors.fr\/blog\/#\/schema\/person\/a2d28dda38da52a9e363dc314d322111"},"breadcrumb":{"@id":"https:\/\/www.fxmotors.fr\/blog\/equipement\/nouveaux-masques-100-printemps-2019#breadcrumb"},"inLanguage":"fr-FR","potentialAction":[{"@type":"ReadAction","target":["https:\/\/www.fxmotors.fr\/blog\/equipement\/nouveaux-masques-100-printemps-2019"]}]},{"@type":"BreadcrumbList","@id":"https:\/\/www.fxmotors.fr\/blog\/equipement\/nouveaux-masques-100-printemps-2019#breadcrumb","itemListElement":[{"@type":"ListItem","position":1,"name":"Accueil","item":"https:\/\/www.fxmotors.fr\/blog"},{"@type":"ListItem","position":2,"name":"Nouveaux Masques 100% &#8211; Printemps"}]},{"@type":"WebSite","@id":"https:\/\/www.fxmotors.fr\/blog\/#website","url":"https:\/\/www.fxmotors.fr\/blog\/","name":"Blog Fx Motors","description":"Le cross au quotidien","potentialAction":[{"@type":"SearchAction","target":{"@type":"EntryPoint","urlTemplate":"https:\/\/www.fxmotors.fr\/blog\/?s={search_term_string}"},"query-input":"required name=search_term_string"}],"inLanguage":"fr-FR"},{"@type":"Person","@id":"https:\/\/www.fxmotors.fr\/blog\/#\/schema\/person\/a2d28dda38da52a9e363dc314d322111","name":"Samantha","image":{"@type":"ImageObject","inLanguage":"fr-FR","@id":"https:\/\/www.fxmotors.fr\/blog\/#\/schema\/person\/image\/","url":"https:\/\/secure.gravatar.com\/avatar\/63de8e20e00a7bc860bd0f03bc667d24?s=96&d=mm&r=g","contentUrl":"https:\/\/secure.gravatar.com\/avatar\/63de8e20e00a7bc860bd0f03bc667d24?s=96&d=mm&r=g","caption":"Samantha"},"url":"https:\/\/www.fxmotors.fr\/blog\/author\/samantha"}]}},"jetpack_featured_media_url":"https:\/\/www.fxmotors.fr\/blog\/wp-content\/uploads\/2019\/03\/Fox-Monster.jpg","jetpack_sharing_enabled":true,"jetpack_shortlink":"https:\/\/wp.me\/p5HoXY-Su","_links":{"self":[{"href":"https:\/\/www.fxmotors.fr\/blog\/wp-json\/wp\/v2\/posts\/3378"}],"collection":[{"href":"https:\/\/www.fxmotors.fr\/blog\/wp-json\/wp\/v2\/posts"}],"about":[{"href":"https:\/\/www.fxmotors.fr\/blog\/wp-json\/wp\/v2\/types\/post"}],"author":[{"embeddable":true,"href":"https:\/\/www.fxmotors.fr\/blog\/wp-json\/wp\/v2\/users\/3"}],"replies":[{"embeddable":true,"href":"https:\/\/www.fxmotors.fr\/blog\/wp-json\/wp\/v2\/comments?post=3378"}],"version-history":[{"count":31,"href":"https:\/\/www.fxmotors.fr\/blog\/wp-json\/wp\/v2\/posts\/3378\/revisions"}],"predecessor-version":[{"id":3723,"href":"https:\/\/www.fxmotors.fr\/blog\/wp-json\/wp\/v2\/posts\/3378\/revisions\/3723"}],"wp:featuredmedia":[{"embeddable":true,"href":"https:\/\/www.fxmotors.fr\/blog\/wp-json\/wp\/v2\/media\/3383"}],"wp:attachment":[{"href":"https:\/\/www.fxmotors.fr\/blog\/wp-json\/wp\/v2\/media?parent=3378"}],"wp:term":[{"taxonomy":"category","embeddable":true,"href":"https:\/\/www.fxmotors.fr\/blog\/wp-json\/wp\/v2\/categories?post=3378"},{"taxonomy":"post_tag","embeddable":true,"href":"https:\/\/www.fxmotors.fr\/blog\/wp-json\/wp\/v2\/tags?post=3378"}],"curies":[{"name":"wp","href":"https:\/\/api.w.org\/{rel}","templated":true}]}}