{"id":535,"date":"2015-02-17T18:34:49","date_gmt":"2015-02-17T18:34:49","guid":{"rendered":"http:\/\/www.fxmotors.fr\/blog\/?p=535"},"modified":"2022-02-11T11:25:58","modified_gmt":"2022-02-11T11:25:58","slug":"mx-inter-de-valence-2015-debut-de-saison-boueux","status":"publish","type":"post","link":"https:\/\/www.fxmotors.fr\/blog\/actualites\/cross\/mx-inter-de-valence-2015-debut-de-saison-boueux","title":{"rendered":"MX Inter de Valence 2015 : D\u00e9but de saison boueux&#8230;"},"content":{"rendered":"<p>Ce week end s&rsquo;est d\u00e9roul\u00e9e le lancement officiel de la nouvelle saison de MX 2015 avec en pr\u00e9mices le traditionnel MX Inter de Valence. Et il fallait \u00eatre courageux pour aller \u00e0 Valence et assister \u00e0 cette mise en bouche, que ce soit en tant que spectateur qu&rsquo;en tant que pilote&#8230; Des conditions difficiles entre boue, pluie et froid ! Pour rappel, l&rsquo;an dernier, les conditions \u00e9taient d\u00e9j\u00e0 sympas au point que cela avait entrain\u00e9 l&rsquo;annulation de la course. Retour sur ce week end boueux&#8230;<\/p>\n<p>[vc_row][vc_column][vc_column_text]<\/p>\n<h2>La boue, \u00e7a colle&#8230;<\/h2>\n<figure id=\"attachment_537\" aria-describedby=\"caption-attachment-537\" style=\"width: 300px\" class=\"wp-caption alignleft\"><a href=\"https:\/\/www.fxmotors.fr\/blog\/wp-content\/uploads\/2015\/02\/Strijbos.jpg\"><img decoding=\"async\" loading=\"lazy\" class=\"wp-image-537 size-medium\" src=\"https:\/\/www.fxmotors.fr\/blog\/wp-content\/uploads\/2015\/02\/Strijbos-300x200.jpg\" alt=\"Strijbos\" width=\"300\" height=\"200\" srcset=\"https:\/\/www.fxmotors.fr\/blog\/wp-content\/uploads\/2015\/02\/Strijbos-300x200.jpg 300w, https:\/\/www.fxmotors.fr\/blog\/wp-content\/uploads\/2015\/02\/Strijbos.jpg 800w\" sizes=\"(max-width: 300px) 100vw, 300px\" \/><\/a><figcaption id=\"caption-attachment-537\" class=\"wp-caption-text\">Le belge Strijbos aux essais le samedi<\/figcaption><\/figure>\n<p>Comme chaque ann\u00e9e depuis plus de 10 ans, la nouvelle saison de MX d\u00e9bute par l&rsquo;\u00e9tape Valence ! Une course qui permet de faire un tour d&rsquo;horizon de l&rsquo;\u00e9lite mondial. On \u00e9tait au courant au vue des bulletins m\u00e9t\u00e9o de la semaine que cela ne serait pas une partie de plaisir, et ce fut le cas ! Avec la pr\u00e9sence de 4 champions du monde fran\u00e7ais (Tixier et la triplette magique Paulin &#8211; Ferrandis &#8211; Frossard), mais aussi de belles t\u00eates d&rsquo;affiche telles que Sud-Af Tyla Rattray (Kawasaki), Paul Jonass (KTM), Kevin Strijbos et Clement Desalle (Suzuki), on a vu du beau monde se ruer sur une piste extr\u00eamement lourde le samedi, r\u00e9serv\u00e9e aux essais. Les pilotes ont donc du s&rsquo;acclimater \u00e0 une boue bien collante en matin\u00e9e avant de voir les conditions climatiques se d\u00e9grader l&rsquo;apr\u00e8s midi. Tixier, en MX2 se montre tr\u00e8s \u00e0 l&rsquo;aise en r\u00e9ussissant les meilleurs essais de la journ\u00e9e, tandis qu&rsquo;en MX1, c&rsquo;est le belge Strijbos suivi de pr\u00e8s par notre champion du monde Paulin.<\/p>\n<h2>&#8230; puis \u00e7a glisse !<\/h2>\n<figure id=\"attachment_538\" aria-describedby=\"caption-attachment-538\" style=\"width: 300px\" class=\"wp-caption alignright\"><img decoding=\"async\" loading=\"lazy\" class=\"wp-image-538 size-medium\" src=\"https:\/\/www.fxmotors.fr\/blog\/wp-content\/uploads\/2015\/02\/xavier-boog-300x200.jpg\" alt=\"xavier-boog\" width=\"300\" height=\"200\" srcset=\"https:\/\/www.fxmotors.fr\/blog\/wp-content\/uploads\/2015\/02\/xavier-boog-300x200.jpg 300w, https:\/\/www.fxmotors.fr\/blog\/wp-content\/uploads\/2015\/02\/xavier-boog.jpg 800w\" sizes=\"(max-width: 300px) 100vw, 300px\" \/><figcaption id=\"caption-attachment-538\" class=\"wp-caption-text\">Xavier Boog en fin de manche<\/figcaption><\/figure>\n<p>Le lendemain, la donne a totalement chang\u00e9e avec une pluie qui tombe en continue toute la journ\u00e9e. La piste est devenue tr\u00e8s compliqu\u00e9e et surtout tr\u00e8s glissante. Plus question de puissance sur cette piste o\u00f9 tout sera une question de ma\u00eetrise. Et \u00e0 ce petit jeu l\u00e0, c&rsquo;est le Letton Jonass qui remporte les 2 manches et s&rsquo;impose en MX2 devant Dylan Ferrandis. Idem en MX1 avec un Clement Desalle, au dessus, qui gagne les 2 manches devant le Fran\u00e7ais\u00a0Xavier Boog (voir ci-contre).<\/p>\n<p>Une course quelque peu fauss\u00e9e par les conditions mais qui a le m\u00e9rite de donner quelques indicateurs sur les hommes en forme en ce d\u00e9but de saison et notamment le team Rockstar Suzuki \u00e0 surveiller cette saison !<\/p>\n<p>Rendez vous dans une 10aine de jours au Qatar, \u00e0 Losail, pour le lancement de la saison MXGP ! A suivre sur Fx Motors.[\/vc_column_text][vc_accordion collapsible=\u00a0\u00bb\u00a0\u00bb disable_keyboard=\u00a0\u00bb\u00a0\u00bb][vc_accordion_tab title=\u00a0\u00bbClassement MX1&Prime;][vc_column_text]1.Cl\u00e9ment Desalle<\/p>\n<p>2.Xavier Boog<br \/>\n3.Shaun Simpson<br \/>\n4.Kevin Strijbos<br \/>\n5.Gautier Paulin<br \/>\n6.Steven Frossard<br \/>\n7.Valentin Teillet<br \/>\n8.Yentel Martens<br \/>\n9.Tanel Leok<br \/>\n10.Cl\u00e9ment Caillat[\/vc_column_text][\/vc_accordion_tab][vc_accordion_tab title=\u00a0\u00bbClassement MX2&Prime;][vc_column_text]1.Pauls Jonass<br \/>\n2.Dylan Ferrandis<br \/>\n3.Jordi Tixier<br \/>\n4.Alexander Tonkov<br \/>\n5.J\u00e9r\u00e9my Seewer<br \/>\n6.Adam Sterry<br \/>\n7.Damon Graulus<br \/>\n8.Nicolas Dercourt<br \/>\n9.Benoit Paturel<br \/>\n10.Ben Watson[\/vc_column_text][\/vc_accordion_tab][\/vc_accordion][\/vc_column][\/vc_row]<\/p>\n","protected":false},"excerpt":{"rendered":"<p><a class='more-link' href='https:\/\/www.fxmotors.fr\/blog\/actualites\/cross\/mx-inter-de-valence-2015-debut-de-saison-boueux'>Lire l\u2019article<span class='screen-reader-text'>MX Inter de Valence 2015 : D\u00e9but de saison boueux&#8230;<\/span><\/a><\/p>","protected":false},"author":2,"featured_media":536,"comment_status":"open","ping_status":"open","sticky":false,"template":"","format":"standard","meta":{"jetpack_post_was_ever_published":false,"jetpack_publicize_message":"","jetpack_is_tweetstorm":false,"jetpack_publicize_feature_enabled":true,"jetpack_social_post_already_shared":true,"jetpack_social_options":[]},"categories":[4],"tags":[47],"jetpack_publicize_connections":[],"yoast_head":"<!-- This site is optimized with the Yoast SEO plugin v20.3 - https:\/\/yoast.com\/wordpress\/plugins\/seo\/ -->\n<title>MX Inter de Valence 2015 : D\u00e9but de saison boueux... - Blog Fx Motors<\/title>\n<meta name=\"robots\" content=\"index, follow, max-snippet:-1, max-image-preview:large, max-video-preview:-1\" \/>\n<link rel=\"canonical\" href=\"https:\/\/www.fxmotors.fr\/blog\/actualites\/cross\/mx-inter-de-valence-2015-debut-de-saison-boueux\" \/>\n<meta property=\"og:locale\" content=\"fr_FR\" \/>\n<meta property=\"og:type\" content=\"article\" \/>\n<meta property=\"og:title\" content=\"MX Inter de Valence 2015 : D\u00e9but de saison boueux... - Blog Fx Motors\" \/>\n<meta property=\"og:url\" content=\"https:\/\/www.fxmotors.fr\/blog\/actualites\/cross\/mx-inter-de-valence-2015-debut-de-saison-boueux\" \/>\n<meta property=\"og:site_name\" content=\"Blog Fx Motors\" \/>\n<meta property=\"article:published_time\" content=\"2015-02-17T18:34:49+00:00\" \/>\n<meta property=\"article:modified_time\" content=\"2022-02-11T11:25:58+00:00\" \/>\n<meta property=\"og:image\" content=\"https:\/\/www.fxmotors.fr\/blog\/wp-content\/uploads\/2015\/02\/mx-valence-victoire-desalle-mx1_hd.jpg\" \/>\n\t<meta property=\"og:image:width\" content=\"900\" \/>\n\t<meta property=\"og:image:height\" content=\"599\" \/>\n\t<meta property=\"og:image:type\" content=\"image\/jpeg\" \/>\n<meta name=\"author\" content=\"Fran\u00e7ois FX\" \/>\n<meta name=\"twitter:label1\" content=\"\u00c9crit par\" \/>\n\t<meta name=\"twitter:data1\" content=\"Fran\u00e7ois FX\" \/>\n\t<meta name=\"twitter:label2\" content=\"Dur\u00e9e de lecture estim\u00e9e\" \/>\n\t<meta name=\"twitter:data2\" content=\"3 minutes\" \/>\n<script type=\"application\/ld+json\" class=\"yoast-schema-graph\">{\"@context\":\"https:\/\/schema.org\",\"@graph\":[{\"@type\":\"WebPage\",\"@id\":\"https:\/\/www.fxmotors.fr\/blog\/actualites\/cross\/mx-inter-de-valence-2015-debut-de-saison-boueux\",\"url\":\"https:\/\/www.fxmotors.fr\/blog\/actualites\/cross\/mx-inter-de-valence-2015-debut-de-saison-boueux\",\"name\":\"MX Inter de Valence 2015 : D\u00e9but de saison boueux... - Blog Fx Motors\",\"isPartOf\":{\"@id\":\"https:\/\/www.fxmotors.fr\/blog\/#website\"},\"datePublished\":\"2015-02-17T18:34:49+00:00\",\"dateModified\":\"2022-02-11T11:25:58+00:00\",\"author\":{\"@id\":\"https:\/\/www.fxmotors.fr\/blog\/#\/schema\/person\/2552eaf1919a70b4dd426193193aa1f9\"},\"breadcrumb\":{\"@id\":\"https:\/\/www.fxmotors.fr\/blog\/actualites\/cross\/mx-inter-de-valence-2015-debut-de-saison-boueux#breadcrumb\"},\"inLanguage\":\"fr-FR\",\"potentialAction\":[{\"@type\":\"ReadAction\",\"target\":[\"https:\/\/www.fxmotors.fr\/blog\/actualites\/cross\/mx-inter-de-valence-2015-debut-de-saison-boueux\"]}]},{\"@type\":\"BreadcrumbList\",\"@id\":\"https:\/\/www.fxmotors.fr\/blog\/actualites\/cross\/mx-inter-de-valence-2015-debut-de-saison-boueux#breadcrumb\",\"itemListElement\":[{\"@type\":\"ListItem\",\"position\":1,\"name\":\"Accueil\",\"item\":\"https:\/\/www.fxmotors.fr\/blog\"},{\"@type\":\"ListItem\",\"position\":2,\"name\":\"MX Inter de Valence 2015 : D\u00e9but de saison boueux&#8230;\"}]},{\"@type\":\"WebSite\",\"@id\":\"https:\/\/www.fxmotors.fr\/blog\/#website\",\"url\":\"https:\/\/www.fxmotors.fr\/blog\/\",\"name\":\"Blog Fx Motors\",\"description\":\"Le cross au quotidien\",\"potentialAction\":[{\"@type\":\"SearchAction\",\"target\":{\"@type\":\"EntryPoint\",\"urlTemplate\":\"https:\/\/www.fxmotors.fr\/blog\/?s={search_term_string}\"},\"query-input\":\"required name=search_term_string\"}],\"inLanguage\":\"fr-FR\"},{\"@type\":\"Person\",\"@id\":\"https:\/\/www.fxmotors.fr\/blog\/#\/schema\/person\/2552eaf1919a70b4dd426193193aa1f9\",\"name\":\"Fran\u00e7ois FX\",\"image\":{\"@type\":\"ImageObject\",\"inLanguage\":\"fr-FR\",\"@id\":\"https:\/\/www.fxmotors.fr\/blog\/#\/schema\/person\/image\/\",\"url\":\"https:\/\/secure.gravatar.com\/avatar\/be662fde82dc95ae10165035ae3bb4ff?s=96&d=mm&r=g\",\"contentUrl\":\"https:\/\/secure.gravatar.com\/avatar\/be662fde82dc95ae10165035ae3bb4ff?s=96&d=mm&r=g\",\"caption\":\"Fran\u00e7ois FX\"},\"description\":\"Passionn\u00e9 de MX et pilote \u00e0 ses heures perdues ! Depuis 2009 il est Fx Motors ! Toujours de bons conseils, il saura vous faire partager son expertise et deviendra votre guide en mati\u00e8re de pi\u00e8ces et d'\u00e9quipements pour votre motocross\",\"url\":\"https:\/\/www.fxmotors.fr\/blog\/author\/fxmotors\"}]}<\/script>\n<!-- \/ Yoast SEO plugin. -->","yoast_head_json":{"title":"MX Inter de Valence 2015 : D\u00e9but de saison boueux... - Blog Fx Motors","robots":{"index":"index","follow":"follow","max-snippet":"max-snippet:-1","max-image-preview":"max-image-preview:large","max-video-preview":"max-video-preview:-1"},"canonical":"https:\/\/www.fxmotors.fr\/blog\/actualites\/cross\/mx-inter-de-valence-2015-debut-de-saison-boueux","og_locale":"fr_FR","og_type":"article","og_title":"MX Inter de Valence 2015 : D\u00e9but de saison boueux... - Blog Fx Motors","og_url":"https:\/\/www.fxmotors.fr\/blog\/actualites\/cross\/mx-inter-de-valence-2015-debut-de-saison-boueux","og_site_name":"Blog Fx Motors","article_published_time":"2015-02-17T18:34:49+00:00","article_modified_time":"2022-02-11T11:25:58+00:00","og_image":[{"width":900,"height":599,"url":"https:\/\/www.fxmotors.fr\/blog\/wp-content\/uploads\/2015\/02\/mx-valence-victoire-desalle-mx1_hd.jpg","type":"image\/jpeg"}],"author":"Fran\u00e7ois FX","twitter_misc":{"\u00c9crit par":"Fran\u00e7ois FX","Dur\u00e9e de lecture estim\u00e9e":"3 minutes"},"schema":{"@context":"https:\/\/schema.org","@graph":[{"@type":"WebPage","@id":"https:\/\/www.fxmotors.fr\/blog\/actualites\/cross\/mx-inter-de-valence-2015-debut-de-saison-boueux","url":"https:\/\/www.fxmotors.fr\/blog\/actualites\/cross\/mx-inter-de-valence-2015-debut-de-saison-boueux","name":"MX Inter de Valence 2015 : D\u00e9but de saison boueux... - Blog Fx Motors","isPartOf":{"@id":"https:\/\/www.fxmotors.fr\/blog\/#website"},"datePublished":"2015-02-17T18:34:49+00:00","dateModified":"2022-02-11T11:25:58+00:00","author":{"@id":"https:\/\/www.fxmotors.fr\/blog\/#\/schema\/person\/2552eaf1919a70b4dd426193193aa1f9"},"breadcrumb":{"@id":"https:\/\/www.fxmotors.fr\/blog\/actualites\/cross\/mx-inter-de-valence-2015-debut-de-saison-boueux#breadcrumb"},"inLanguage":"fr-FR","potentialAction":[{"@type":"ReadAction","target":["https:\/\/www.fxmotors.fr\/blog\/actualites\/cross\/mx-inter-de-valence-2015-debut-de-saison-boueux"]}]},{"@type":"BreadcrumbList","@id":"https:\/\/www.fxmotors.fr\/blog\/actualites\/cross\/mx-inter-de-valence-2015-debut-de-saison-boueux#breadcrumb","itemListElement":[{"@type":"ListItem","position":1,"name":"Accueil","item":"https:\/\/www.fxmotors.fr\/blog"},{"@type":"ListItem","position":2,"name":"MX Inter de Valence 2015 : D\u00e9but de saison boueux&#8230;"}]},{"@type":"WebSite","@id":"https:\/\/www.fxmotors.fr\/blog\/#website","url":"https:\/\/www.fxmotors.fr\/blog\/","name":"Blog Fx Motors","description":"Le cross au quotidien","potentialAction":[{"@type":"SearchAction","target":{"@type":"EntryPoint","urlTemplate":"https:\/\/www.fxmotors.fr\/blog\/?s={search_term_string}"},"query-input":"required name=search_term_string"}],"inLanguage":"fr-FR"},{"@type":"Person","@id":"https:\/\/www.fxmotors.fr\/blog\/#\/schema\/person\/2552eaf1919a70b4dd426193193aa1f9","name":"Fran\u00e7ois FX","image":{"@type":"ImageObject","inLanguage":"fr-FR","@id":"https:\/\/www.fxmotors.fr\/blog\/#\/schema\/person\/image\/","url":"https:\/\/secure.gravatar.com\/avatar\/be662fde82dc95ae10165035ae3bb4ff?s=96&d=mm&r=g","contentUrl":"https:\/\/secure.gravatar.com\/avatar\/be662fde82dc95ae10165035ae3bb4ff?s=96&d=mm&r=g","caption":"Fran\u00e7ois FX"},"description":"Passionn\u00e9 de MX et pilote \u00e0 ses heures perdues ! Depuis 2009 il est Fx Motors ! Toujours de bons conseils, il saura vous faire partager son expertise et deviendra votre guide en mati\u00e8re de pi\u00e8ces et d'\u00e9quipements pour votre motocross","url":"https:\/\/www.fxmotors.fr\/blog\/author\/fxmotors"}]}},"jetpack_featured_media_url":"https:\/\/www.fxmotors.fr\/blog\/wp-content\/uploads\/2015\/02\/mx-valence-victoire-desalle-mx1_hd.jpg","jetpack_sharing_enabled":true,"jetpack_shortlink":"https:\/\/wp.me\/p5HoXY-8D","_links":{"self":[{"href":"https:\/\/www.fxmotors.fr\/blog\/wp-json\/wp\/v2\/posts\/535"}],"collection":[{"href":"https:\/\/www.fxmotors.fr\/blog\/wp-json\/wp\/v2\/posts"}],"about":[{"href":"https:\/\/www.fxmotors.fr\/blog\/wp-json\/wp\/v2\/types\/post"}],"author":[{"embeddable":true,"href":"https:\/\/www.fxmotors.fr\/blog\/wp-json\/wp\/v2\/users\/2"}],"replies":[{"embeddable":true,"href":"https:\/\/www.fxmotors.fr\/blog\/wp-json\/wp\/v2\/comments?post=535"}],"version-history":[{"count":5,"href":"https:\/\/www.fxmotors.fr\/blog\/wp-json\/wp\/v2\/posts\/535\/revisions"}],"predecessor-version":[{"id":3638,"href":"https:\/\/www.fxmotors.fr\/blog\/wp-json\/wp\/v2\/posts\/535\/revisions\/3638"}],"wp:featuredmedia":[{"embeddable":true,"href":"https:\/\/www.fxmotors.fr\/blog\/wp-json\/wp\/v2\/media\/536"}],"wp:attachment":[{"href":"https:\/\/www.fxmotors.fr\/blog\/wp-json\/wp\/v2\/media?parent=535"}],"wp:term":[{"taxonomy":"category","embeddable":true,"href":"https:\/\/www.fxmotors.fr\/blog\/wp-json\/wp\/v2\/categories?post=535"},{"taxonomy":"post_tag","embeddable":true,"href":"https:\/\/www.fxmotors.fr\/blog\/wp-json\/wp\/v2\/tags?post=535"}],"curies":[{"name":"wp","href":"https:\/\/api.w.org\/{rel}","templated":true}]}}