{"id":627,"date":"2015-03-31T18:07:10","date_gmt":"2015-03-31T18:07:10","guid":{"rendered":"http:\/\/www.fxmotors.fr\/blog\/?p=627"},"modified":"2015-03-31T18:08:58","modified_gmt":"2015-03-31T18:08:58","slug":"resulta-mxgp-argentine-2015-nagl-passe-la-seconde","status":"publish","type":"post","link":"https:\/\/www.fxmotors.fr\/blog\/actualites\/cross\/resulta-mxgp-argentine-2015-nagl-passe-la-seconde","title":{"rendered":"R\u00e9sultat MXGP Argentine 2015  : Nagl passe la seconde !"},"content":{"rendered":"<p>Le pilote allemand\u00a0<strong>Husqvarna Ice One\u00a0<\/strong>Max Nagl remporte son second Grand Prix de MX\u00a0(sur 3 disput\u00e9s). En MX2, Dylan Ferrandis gagne sa premi\u00e8re course de la saison et recolle \u00e0 Herlings.<\/p>\n<p>[vc_row][vc_column][vc_column_text]Apr\u00e8s 3 semaines de repos, la comp\u00e9tition reprenait ses droits ! Changement de cap, direction l&rsquo;Am\u00e9rique du Sud et plus pr\u00e9cis\u00e9ment l&rsquo;Argentine \u00e0 Neuquen. Et \u00e7a n&rsquo;a visiblement pas perturb\u00e9 les pilotes !<\/p>\n<h2>Encore un week end de MX exceptionnel !<\/h2>\n<h3>Villipoto trop juste, Nagl trop fort<\/h3>\n<p>En MXGP, nous avons pu assister \u00e0 un joli mano \u00e0 mano entre les 4 pilotes de t\u00eates depuis le d\u00e9but de saison : Nagl, Desalle, Cairoli et Villipoto !<br \/>\nSi nous avions quitt\u00e9 le Qatar avec un Ryan Villipoto en grande forme, nous l&rsquo;avons retrouv\u00e9 plus en difficult\u00e9 en Argentine, finissant 4 et 4 sur les 2 manches, l&rsquo;Am\u00e9ricain reste au pied du podium et d\u00e9croche l\u00e9g\u00e8rement du trio de t\u00eate tout en conservant une avance confortable sur Paulin, 5\u00e8me de ce 3\u00e8me round Argentin. La bagarre eut tout de m\u00eame bien lieu !<\/p>\n<p><img decoding=\"async\" loading=\"lazy\" class=\"alignnone\" src=\"http:\/\/images.cyclenews.com\/photogalleries\/xlarge\/106942_Nagl_GPArgentina_R03_2015_82A1447_2456.jpg\" alt=\"\" width=\"640\" height=\"360\" \/><\/p>\n<p>Nagl qui avait r\u00e9alis\u00e9 le doubl\u00e9 en Tha\u00eflande lors de la premi\u00e8re course n&rsquo;a r\u00e9alis\u00e9 qu&rsquo;apr\u00e8s coup qu&rsquo;il venait de r\u00e9cidiver. Terminant 3\u00e8me de la premi\u00e8re manche derri\u00e8re Cairoli, 2\u00e8me qui aura mis sous pression jusqu&rsquo;au bout de la premi\u00e8re manche le\u00a0leader belge Desalle (avant de chuter au dernier tour), le pilote allemand remporta la seconde manche au nez et \u00e0 la barbe de l&rsquo;Italien, une nouvelle fois second, et du pilote Suzuki, 3\u00e8me.<\/p>\n<p>Au classement, Cl\u00e9ment Desalle conserve sa premi\u00e8re place, ne perdant pas de point sur Nagl et creusant un peu plus l&rsquo;\u00e9cart sur les 2 favoris Cairoli et Villipoto.<\/p>\n<h3>Premi\u00e8re victoire de sa carri\u00e8re pour Ferrandis<\/h3>\n<p>En MX2, alors que le championnat semblait retomber tel un soufflet apr\u00e8s le double-double de Herlings en Tha\u00eflande et au Qatar, et qui avait donc creuser de gros \u00e9cart au g\u00e9n\u00e9ral, nous avons eu droit \u00e0 une agr\u00e9able surprise !<\/p>\n<p>En effet, suite \u00e0 une chute, le pilote KTM a du abandonner, laissant le champ libre \u00e0 Dylan Ferrandis qui n&rsquo;en demandait pas temps pour remporter la premi\u00e8re manche devant Jonass qui aura mener un long moment cette manche.<\/p>\n<p>La seconde manche sera plus rythm\u00e9e. Bien qu&rsquo;Herlings prit les devant tr\u00e8s rapidement, le Fran\u00e7ais a du cravacher pour venir coiffer Jonass dans les derniers instants alors qu&rsquo;il avait chuter quelques tours plus t\u00f4t.<\/p>\n<p><a href=\"https:\/\/www.fxmotors.fr\/blog\/wp-content\/uploads\/2015\/03\/ferrandis-argentine.jpg\"><img decoding=\"async\" loading=\"lazy\" class=\"aligncenter wp-image-628 size-full\" src=\"https:\/\/www.fxmotors.fr\/blog\/wp-content\/uploads\/2015\/03\/ferrandis-argentine.jpg\" alt=\"ferrandis-argentine\" width=\"900\" height=\"300\" srcset=\"https:\/\/www.fxmotors.fr\/blog\/wp-content\/uploads\/2015\/03\/ferrandis-argentine.jpg 900w, https:\/\/www.fxmotors.fr\/blog\/wp-content\/uploads\/2015\/03\/ferrandis-argentine-300x100.jpg 300w\" sizes=\"(max-width: 900px) 100vw, 900px\" \/><\/a><\/p>\n<p>Au final, la confrontation entre le Fran\u00e7ais et le N\u00e9erlandais n&rsquo;aura toujours pas vraiment eu lieu mais les 2 pilotes se retrouvent a \u00e9galit\u00e9 au g\u00e9n\u00e9ral.[\/vc_column_text][\/vc_column][\/vc_row][vc_row][vc_column width=\u00a0\u00bb1\/1&Prime;][vc_video title=\u00a0\u00bbR\u00e9sum\u00e9 MXGP Argentine 2015&Prime; link=\u00a0\u00bbhttps:\/\/www.youtube.com\/watch?v=KAmtnj2z3Qk\u00a0\u00bb][\/vc_column][\/vc_row]<\/p>\n","protected":false},"excerpt":{"rendered":"<p><a class='more-link' href='https:\/\/www.fxmotors.fr\/blog\/actualites\/cross\/resulta-mxgp-argentine-2015-nagl-passe-la-seconde'>Lire l\u2019article<span class='screen-reader-text'>R\u00e9sultat MXGP Argentine 2015  : Nagl passe la seconde !<\/span><\/a><\/p>","protected":false},"author":2,"featured_media":631,"comment_status":"open","ping_status":"open","sticky":false,"template":"","format":"standard","meta":{"jetpack_post_was_ever_published":false,"jetpack_publicize_message":"","jetpack_is_tweetstorm":false,"jetpack_publicize_feature_enabled":true,"jetpack_social_post_already_shared":true,"jetpack_social_options":[]},"categories":[4],"tags":[47],"jetpack_publicize_connections":[],"yoast_head":"<!-- This site is optimized with the Yoast SEO plugin v20.3 - https:\/\/yoast.com\/wordpress\/plugins\/seo\/ -->\n<title>R\u00e9sultat MXGP Argentine 2015 : Nagl passe la seconde ! - Blog Fx Motors<\/title>\n<meta name=\"robots\" content=\"index, follow, max-snippet:-1, max-image-preview:large, max-video-preview:-1\" \/>\n<link rel=\"canonical\" href=\"https:\/\/www.fxmotors.fr\/blog\/actualites\/cross\/resulta-mxgp-argentine-2015-nagl-passe-la-seconde\" \/>\n<meta property=\"og:locale\" content=\"fr_FR\" \/>\n<meta property=\"og:type\" content=\"article\" \/>\n<meta property=\"og:title\" content=\"R\u00e9sultat MXGP Argentine 2015 : Nagl passe la seconde ! - Blog Fx Motors\" \/>\n<meta property=\"og:url\" content=\"https:\/\/www.fxmotors.fr\/blog\/actualites\/cross\/resulta-mxgp-argentine-2015-nagl-passe-la-seconde\" \/>\n<meta property=\"og:site_name\" content=\"Blog Fx Motors\" \/>\n<meta property=\"article:published_time\" content=\"2015-03-31T18:07:10+00:00\" \/>\n<meta property=\"article:modified_time\" content=\"2015-03-31T18:08:58+00:00\" \/>\n<meta property=\"og:image\" content=\"https:\/\/www.fxmotors.fr\/blog\/wp-content\/uploads\/2015\/03\/95814_board_mxgp_3_patarg_2015.jpg\" \/>\n\t<meta property=\"og:image:width\" content=\"1300\" \/>\n\t<meta property=\"og:image:height\" content=\"867\" \/>\n\t<meta property=\"og:image:type\" content=\"image\/jpeg\" \/>\n<meta name=\"author\" content=\"Fran\u00e7ois FX\" \/>\n<meta name=\"twitter:label1\" content=\"\u00c9crit par\" \/>\n\t<meta name=\"twitter:data1\" content=\"Fran\u00e7ois FX\" \/>\n\t<meta name=\"twitter:label2\" content=\"Dur\u00e9e de lecture estim\u00e9e\" \/>\n\t<meta name=\"twitter:data2\" content=\"2 minutes\" \/>\n<script type=\"application\/ld+json\" class=\"yoast-schema-graph\">{\"@context\":\"https:\/\/schema.org\",\"@graph\":[{\"@type\":\"WebPage\",\"@id\":\"https:\/\/www.fxmotors.fr\/blog\/actualites\/cross\/resulta-mxgp-argentine-2015-nagl-passe-la-seconde\",\"url\":\"https:\/\/www.fxmotors.fr\/blog\/actualites\/cross\/resulta-mxgp-argentine-2015-nagl-passe-la-seconde\",\"name\":\"R\u00e9sultat MXGP Argentine 2015 : Nagl passe la seconde ! - Blog Fx Motors\",\"isPartOf\":{\"@id\":\"https:\/\/www.fxmotors.fr\/blog\/#website\"},\"datePublished\":\"2015-03-31T18:07:10+00:00\",\"dateModified\":\"2015-03-31T18:08:58+00:00\",\"author\":{\"@id\":\"https:\/\/www.fxmotors.fr\/blog\/#\/schema\/person\/2552eaf1919a70b4dd426193193aa1f9\"},\"breadcrumb\":{\"@id\":\"https:\/\/www.fxmotors.fr\/blog\/actualites\/cross\/resulta-mxgp-argentine-2015-nagl-passe-la-seconde#breadcrumb\"},\"inLanguage\":\"fr-FR\",\"potentialAction\":[{\"@type\":\"ReadAction\",\"target\":[\"https:\/\/www.fxmotors.fr\/blog\/actualites\/cross\/resulta-mxgp-argentine-2015-nagl-passe-la-seconde\"]}]},{\"@type\":\"BreadcrumbList\",\"@id\":\"https:\/\/www.fxmotors.fr\/blog\/actualites\/cross\/resulta-mxgp-argentine-2015-nagl-passe-la-seconde#breadcrumb\",\"itemListElement\":[{\"@type\":\"ListItem\",\"position\":1,\"name\":\"Accueil\",\"item\":\"https:\/\/www.fxmotors.fr\/blog\"},{\"@type\":\"ListItem\",\"position\":2,\"name\":\"R\u00e9sultat MXGP Argentine 2015 : Nagl passe la seconde !\"}]},{\"@type\":\"WebSite\",\"@id\":\"https:\/\/www.fxmotors.fr\/blog\/#website\",\"url\":\"https:\/\/www.fxmotors.fr\/blog\/\",\"name\":\"Blog Fx Motors\",\"description\":\"Le cross au quotidien\",\"potentialAction\":[{\"@type\":\"SearchAction\",\"target\":{\"@type\":\"EntryPoint\",\"urlTemplate\":\"https:\/\/www.fxmotors.fr\/blog\/?s={search_term_string}\"},\"query-input\":\"required name=search_term_string\"}],\"inLanguage\":\"fr-FR\"},{\"@type\":\"Person\",\"@id\":\"https:\/\/www.fxmotors.fr\/blog\/#\/schema\/person\/2552eaf1919a70b4dd426193193aa1f9\",\"name\":\"Fran\u00e7ois FX\",\"image\":{\"@type\":\"ImageObject\",\"inLanguage\":\"fr-FR\",\"@id\":\"https:\/\/www.fxmotors.fr\/blog\/#\/schema\/person\/image\/\",\"url\":\"https:\/\/secure.gravatar.com\/avatar\/be662fde82dc95ae10165035ae3bb4ff?s=96&d=mm&r=g\",\"contentUrl\":\"https:\/\/secure.gravatar.com\/avatar\/be662fde82dc95ae10165035ae3bb4ff?s=96&d=mm&r=g\",\"caption\":\"Fran\u00e7ois FX\"},\"description\":\"Passionn\u00e9 de MX et pilote \u00e0 ses heures perdues ! Depuis 2009 il est Fx Motors ! Toujours de bons conseils, il saura vous faire partager son expertise et deviendra votre guide en mati\u00e8re de pi\u00e8ces et d'\u00e9quipements pour votre motocross\",\"url\":\"https:\/\/www.fxmotors.fr\/blog\/author\/fxmotors\"}]}<\/script>\n<!-- \/ Yoast SEO plugin. -->","yoast_head_json":{"title":"R\u00e9sultat MXGP Argentine 2015 : Nagl passe la seconde ! - Blog Fx Motors","robots":{"index":"index","follow":"follow","max-snippet":"max-snippet:-1","max-image-preview":"max-image-preview:large","max-video-preview":"max-video-preview:-1"},"canonical":"https:\/\/www.fxmotors.fr\/blog\/actualites\/cross\/resulta-mxgp-argentine-2015-nagl-passe-la-seconde","og_locale":"fr_FR","og_type":"article","og_title":"R\u00e9sultat MXGP Argentine 2015 : Nagl passe la seconde ! - Blog Fx Motors","og_url":"https:\/\/www.fxmotors.fr\/blog\/actualites\/cross\/resulta-mxgp-argentine-2015-nagl-passe-la-seconde","og_site_name":"Blog Fx Motors","article_published_time":"2015-03-31T18:07:10+00:00","article_modified_time":"2015-03-31T18:08:58+00:00","og_image":[{"width":1300,"height":867,"url":"https:\/\/www.fxmotors.fr\/blog\/wp-content\/uploads\/2015\/03\/95814_board_mxgp_3_patarg_2015.jpg","type":"image\/jpeg"}],"author":"Fran\u00e7ois FX","twitter_misc":{"\u00c9crit par":"Fran\u00e7ois FX","Dur\u00e9e de lecture estim\u00e9e":"2 minutes"},"schema":{"@context":"https:\/\/schema.org","@graph":[{"@type":"WebPage","@id":"https:\/\/www.fxmotors.fr\/blog\/actualites\/cross\/resulta-mxgp-argentine-2015-nagl-passe-la-seconde","url":"https:\/\/www.fxmotors.fr\/blog\/actualites\/cross\/resulta-mxgp-argentine-2015-nagl-passe-la-seconde","name":"R\u00e9sultat MXGP Argentine 2015 : Nagl passe la seconde ! - Blog Fx Motors","isPartOf":{"@id":"https:\/\/www.fxmotors.fr\/blog\/#website"},"datePublished":"2015-03-31T18:07:10+00:00","dateModified":"2015-03-31T18:08:58+00:00","author":{"@id":"https:\/\/www.fxmotors.fr\/blog\/#\/schema\/person\/2552eaf1919a70b4dd426193193aa1f9"},"breadcrumb":{"@id":"https:\/\/www.fxmotors.fr\/blog\/actualites\/cross\/resulta-mxgp-argentine-2015-nagl-passe-la-seconde#breadcrumb"},"inLanguage":"fr-FR","potentialAction":[{"@type":"ReadAction","target":["https:\/\/www.fxmotors.fr\/blog\/actualites\/cross\/resulta-mxgp-argentine-2015-nagl-passe-la-seconde"]}]},{"@type":"BreadcrumbList","@id":"https:\/\/www.fxmotors.fr\/blog\/actualites\/cross\/resulta-mxgp-argentine-2015-nagl-passe-la-seconde#breadcrumb","itemListElement":[{"@type":"ListItem","position":1,"name":"Accueil","item":"https:\/\/www.fxmotors.fr\/blog"},{"@type":"ListItem","position":2,"name":"R\u00e9sultat MXGP Argentine 2015 : Nagl passe la seconde !"}]},{"@type":"WebSite","@id":"https:\/\/www.fxmotors.fr\/blog\/#website","url":"https:\/\/www.fxmotors.fr\/blog\/","name":"Blog Fx Motors","description":"Le cross au quotidien","potentialAction":[{"@type":"SearchAction","target":{"@type":"EntryPoint","urlTemplate":"https:\/\/www.fxmotors.fr\/blog\/?s={search_term_string}"},"query-input":"required name=search_term_string"}],"inLanguage":"fr-FR"},{"@type":"Person","@id":"https:\/\/www.fxmotors.fr\/blog\/#\/schema\/person\/2552eaf1919a70b4dd426193193aa1f9","name":"Fran\u00e7ois FX","image":{"@type":"ImageObject","inLanguage":"fr-FR","@id":"https:\/\/www.fxmotors.fr\/blog\/#\/schema\/person\/image\/","url":"https:\/\/secure.gravatar.com\/avatar\/be662fde82dc95ae10165035ae3bb4ff?s=96&d=mm&r=g","contentUrl":"https:\/\/secure.gravatar.com\/avatar\/be662fde82dc95ae10165035ae3bb4ff?s=96&d=mm&r=g","caption":"Fran\u00e7ois FX"},"description":"Passionn\u00e9 de MX et pilote \u00e0 ses heures perdues ! Depuis 2009 il est Fx Motors ! Toujours de bons conseils, il saura vous faire partager son expertise et deviendra votre guide en mati\u00e8re de pi\u00e8ces et d'\u00e9quipements pour votre motocross","url":"https:\/\/www.fxmotors.fr\/blog\/author\/fxmotors"}]}},"jetpack_featured_media_url":"https:\/\/www.fxmotors.fr\/blog\/wp-content\/uploads\/2015\/03\/95814_board_mxgp_3_patarg_2015.jpg","jetpack_sharing_enabled":true,"jetpack_shortlink":"https:\/\/wp.me\/p5HoXY-a7","_links":{"self":[{"href":"https:\/\/www.fxmotors.fr\/blog\/wp-json\/wp\/v2\/posts\/627"}],"collection":[{"href":"https:\/\/www.fxmotors.fr\/blog\/wp-json\/wp\/v2\/posts"}],"about":[{"href":"https:\/\/www.fxmotors.fr\/blog\/wp-json\/wp\/v2\/types\/post"}],"author":[{"embeddable":true,"href":"https:\/\/www.fxmotors.fr\/blog\/wp-json\/wp\/v2\/users\/2"}],"replies":[{"embeddable":true,"href":"https:\/\/www.fxmotors.fr\/blog\/wp-json\/wp\/v2\/comments?post=627"}],"version-history":[{"count":4,"href":"https:\/\/www.fxmotors.fr\/blog\/wp-json\/wp\/v2\/posts\/627\/revisions"}],"predecessor-version":[{"id":633,"href":"https:\/\/www.fxmotors.fr\/blog\/wp-json\/wp\/v2\/posts\/627\/revisions\/633"}],"wp:featuredmedia":[{"embeddable":true,"href":"https:\/\/www.fxmotors.fr\/blog\/wp-json\/wp\/v2\/media\/631"}],"wp:attachment":[{"href":"https:\/\/www.fxmotors.fr\/blog\/wp-json\/wp\/v2\/media?parent=627"}],"wp:term":[{"taxonomy":"category","embeddable":true,"href":"https:\/\/www.fxmotors.fr\/blog\/wp-json\/wp\/v2\/categories?post=627"},{"taxonomy":"post_tag","embeddable":true,"href":"https:\/\/www.fxmotors.fr\/blog\/wp-json\/wp\/v2\/tags?post=627"}],"curies":[{"name":"wp","href":"https:\/\/api.w.org\/{rel}","templated":true}]}}