{"id":738,"date":"2015-04-20T15:38:11","date_gmt":"2015-04-20T15:38:11","guid":{"rendered":"http:\/\/www.fxmotors.fr\/blog\/?p=738"},"modified":"2015-04-20T15:51:28","modified_gmt":"2015-04-20T15:51:28","slug":"mxgp-trentino-2015-nagl-recolle","status":"publish","type":"post","link":"https:\/\/www.fxmotors.fr\/blog\/actualites\/cross\/mxgp-trentino-2015-nagl-recolle","title":{"rendered":"MXGP Trentino 2015 &#8211; Nagl recolle"},"content":{"rendered":"<p>[vc_row][vc_column][vc_column_text]Et de 3 pour Nagl ! Le pilote allemand vient de gagner son 3\u00e8me Grand Prix de la saison sur 4 disput\u00e9s ! Et malgr\u00e9 ce succ\u00e8s, Nagl reste second derri\u00e8re le belge Desalle.[\/vc_column_text][\/vc_column][\/vc_row][vc_row][vc_column][vc_column_text]Pour cette premi\u00e8re course de l&rsquo;ann\u00e9e en Europe (Qatar, Tha\u00eflande et Argentine), on aura assister \u00e0 un duel entre <strong>Nagl et Cairoli<\/strong> ! Car les 2 pilotes se sont livr\u00e9s une vraie bagarre dans la premi\u00e8re manche. Si l&rsquo;italien a su r\u00e9sister aux attaques de l&rsquo;allemand pour s&rsquo;adjuger la premi\u00e8re manche, il n&rsquo;aura rien pu faire sur la seconde o\u00f9 le pilote\u00a0<strong>Husqvarna<\/strong>, qui a mis tout le monde d&rsquo;accord d\u00e8s les premiers tours. Cairoli terminant second. A \u00e9galit\u00e9 de points sur les 2 manches, c&rsquo;est bien Nagl qui remporte le GP de Trentino en remportant la seconde manche.<\/p>\n<p>Derri\u00e8re, <strong>Desalle termine 3\u00e8me<\/strong> en ayant pour la premi\u00e8re fois de la saison termin\u00e9 une manche en dehors du podium (4\u00e8me dans la seconde manche <a href=\"https:\/\/www.youtube.com\/watch?v=V6NrzsGITK4\" target=\"_blank\">apr\u00e8s avoir gliss\u00e9 sur la fin\u00a0&#8211; voir vid\u00e9o<\/a>). Cependant, le belge conserve la t\u00eate du classement pour &#8230; 1 petit point du duo Nagl-Cairoli ex-\u00e6quo !<\/p>\n<p>Du c\u00f4t\u00e9 de <strong>Ryan Villopoto<\/strong>, la saison continue d&rsquo;\u00eatre compliqu\u00e9. 4\u00e8me de la premi\u00e8re manche, l&rsquo;am\u00e9ricain a lourdement chut\u00e9 lors d&rsquo;un wheeling mal maitris\u00e9.[\/vc_column_text][vc_video link=\u00a0\u00bbhttps:\/\/www.youtube.com\/watch?v=bcp_wnfPHHE\u00a0\u00bb][vc_column_text]Cet abandon de Villopoto a fait l&rsquo;affaire pour 2 Fran\u00e7ais, \u00e0 savoir Paulin mais surtout Romain Febvre qui se retrouve d\u00e9sormais au pied du podium (\u00e0 + de 40 points du trio de t\u00eate tout de m\u00eame).<\/p>\n<p><a href=\"http:\/\/results.mxgp.com\/mxgp\/standings.aspx\" target=\"_blank\">Retrouvez l&rsquo;int\u00e9gralit\u00e9 du classement MXGP<\/a><\/p>\n<h2>MX2 :\u00a0Herlings reprend les commandes<\/h2>\n<p>Si Gajser remporte le GP de Trentino, gr\u00e2ce \u00e0 sa victoire dans la seconde manche, c&rsquo;est bien Herlings qui reprend les commandes du classement\u00a0distan\u00e7ant une nouvelle fois Dylan Ferrandis qui avait pourtant su profiter de l&rsquo;abandon du pilote Hollandais lors de la premi\u00e8re manche en Argentine, se retrouvant par la m\u00eame \u00e0 \u00e9galit\u00e9 \u00e0 la premi\u00e8re place.<\/p>\n<p><a href=\"https:\/\/www.fxmotors.fr\/blog\/wp-content\/uploads\/2015\/04\/herlings-trentino-2015.jpg\"><img decoding=\"async\" loading=\"lazy\" class=\"aligncenter size-full wp-image-741\" src=\"https:\/\/www.fxmotors.fr\/blog\/wp-content\/uploads\/2015\/04\/herlings-trentino-2015.jpg\" alt=\"herlings-trentino-2015\" width=\"800\" height=\"533\" srcset=\"https:\/\/www.fxmotors.fr\/blog\/wp-content\/uploads\/2015\/04\/herlings-trentino-2015.jpg 800w, https:\/\/www.fxmotors.fr\/blog\/wp-content\/uploads\/2015\/04\/herlings-trentino-2015-300x200.jpg 300w\" sizes=\"(max-width: 800px) 100vw, 800px\" \/><\/a><\/p>\n<p><a href=\"http:\/\/results.mxgp.com\/mxgp\/standings.aspx\" target=\"_blank\">Retrouvez l&rsquo;int\u00e9gralit\u00e9 du classement MX2<\/a>[\/vc_column_text][vc_video title=\u00a0\u00bbLes meilleurs moments du MXGP de Trentino 2015&Prime; link=\u00a0\u00bbhttps:\/\/www.youtube.com\/watch?v=8kbc5Wis9sY\u00a0\u00bb][\/vc_column][\/vc_row]<\/p>\n","protected":false},"excerpt":{"rendered":"<p><a class='more-link' href='https:\/\/www.fxmotors.fr\/blog\/actualites\/cross\/mxgp-trentino-2015-nagl-recolle'>Lire l\u2019article<span class='screen-reader-text'>MXGP Trentino 2015 &#8211; Nagl recolle<\/span><\/a><\/p>","protected":false},"author":2,"featured_media":739,"comment_status":"open","ping_status":"open","sticky":false,"template":"","format":"standard","meta":{"jetpack_post_was_ever_published":false,"jetpack_publicize_message":"","jetpack_is_tweetstorm":false,"jetpack_publicize_feature_enabled":true,"jetpack_social_post_already_shared":true,"jetpack_social_options":[]},"categories":[4],"tags":[],"jetpack_publicize_connections":[],"yoast_head":"<!-- This site is optimized with the Yoast SEO plugin v20.3 - https:\/\/yoast.com\/wordpress\/plugins\/seo\/ -->\n<title>MXGP Trentino 2015 - Nagl recolle - Blog Fx Motors<\/title>\n<meta name=\"robots\" content=\"index, follow, max-snippet:-1, max-image-preview:large, max-video-preview:-1\" \/>\n<link rel=\"canonical\" href=\"https:\/\/www.fxmotors.fr\/blog\/actualites\/cross\/mxgp-trentino-2015-nagl-recolle\" \/>\n<meta property=\"og:locale\" content=\"fr_FR\" \/>\n<meta property=\"og:type\" content=\"article\" \/>\n<meta property=\"og:title\" content=\"MXGP Trentino 2015 - Nagl recolle - Blog Fx Motors\" \/>\n<meta property=\"og:url\" content=\"https:\/\/www.fxmotors.fr\/blog\/actualites\/cross\/mxgp-trentino-2015-nagl-recolle\" \/>\n<meta property=\"og:site_name\" content=\"Blog Fx Motors\" \/>\n<meta property=\"article:published_time\" content=\"2015-04-20T15:38:11+00:00\" \/>\n<meta property=\"article:modified_time\" content=\"2015-04-20T15:51:28+00:00\" \/>\n<meta property=\"og:image\" content=\"https:\/\/www.fxmotors.fr\/blog\/wp-content\/uploads\/2015\/04\/mxgp-trentino-2015.jpg\" \/>\n\t<meta property=\"og:image:width\" content=\"800\" \/>\n\t<meta property=\"og:image:height\" content=\"533\" \/>\n\t<meta property=\"og:image:type\" content=\"image\/jpeg\" \/>\n<meta name=\"author\" content=\"Fran\u00e7ois FX\" \/>\n<meta name=\"twitter:label1\" content=\"\u00c9crit par\" \/>\n\t<meta name=\"twitter:data1\" content=\"Fran\u00e7ois FX\" \/>\n\t<meta name=\"twitter:label2\" content=\"Dur\u00e9e de lecture estim\u00e9e\" \/>\n\t<meta name=\"twitter:data2\" content=\"2 minutes\" \/>\n<script type=\"application\/ld+json\" class=\"yoast-schema-graph\">{\"@context\":\"https:\/\/schema.org\",\"@graph\":[{\"@type\":\"WebPage\",\"@id\":\"https:\/\/www.fxmotors.fr\/blog\/actualites\/cross\/mxgp-trentino-2015-nagl-recolle\",\"url\":\"https:\/\/www.fxmotors.fr\/blog\/actualites\/cross\/mxgp-trentino-2015-nagl-recolle\",\"name\":\"MXGP Trentino 2015 - Nagl recolle - Blog Fx Motors\",\"isPartOf\":{\"@id\":\"https:\/\/www.fxmotors.fr\/blog\/#website\"},\"datePublished\":\"2015-04-20T15:38:11+00:00\",\"dateModified\":\"2015-04-20T15:51:28+00:00\",\"author\":{\"@id\":\"https:\/\/www.fxmotors.fr\/blog\/#\/schema\/person\/2552eaf1919a70b4dd426193193aa1f9\"},\"breadcrumb\":{\"@id\":\"https:\/\/www.fxmotors.fr\/blog\/actualites\/cross\/mxgp-trentino-2015-nagl-recolle#breadcrumb\"},\"inLanguage\":\"fr-FR\",\"potentialAction\":[{\"@type\":\"ReadAction\",\"target\":[\"https:\/\/www.fxmotors.fr\/blog\/actualites\/cross\/mxgp-trentino-2015-nagl-recolle\"]}]},{\"@type\":\"BreadcrumbList\",\"@id\":\"https:\/\/www.fxmotors.fr\/blog\/actualites\/cross\/mxgp-trentino-2015-nagl-recolle#breadcrumb\",\"itemListElement\":[{\"@type\":\"ListItem\",\"position\":1,\"name\":\"Accueil\",\"item\":\"https:\/\/www.fxmotors.fr\/blog\"},{\"@type\":\"ListItem\",\"position\":2,\"name\":\"MXGP Trentino 2015 &#8211; Nagl recolle\"}]},{\"@type\":\"WebSite\",\"@id\":\"https:\/\/www.fxmotors.fr\/blog\/#website\",\"url\":\"https:\/\/www.fxmotors.fr\/blog\/\",\"name\":\"Blog Fx Motors\",\"description\":\"Le cross au quotidien\",\"potentialAction\":[{\"@type\":\"SearchAction\",\"target\":{\"@type\":\"EntryPoint\",\"urlTemplate\":\"https:\/\/www.fxmotors.fr\/blog\/?s={search_term_string}\"},\"query-input\":\"required name=search_term_string\"}],\"inLanguage\":\"fr-FR\"},{\"@type\":\"Person\",\"@id\":\"https:\/\/www.fxmotors.fr\/blog\/#\/schema\/person\/2552eaf1919a70b4dd426193193aa1f9\",\"name\":\"Fran\u00e7ois FX\",\"image\":{\"@type\":\"ImageObject\",\"inLanguage\":\"fr-FR\",\"@id\":\"https:\/\/www.fxmotors.fr\/blog\/#\/schema\/person\/image\/\",\"url\":\"https:\/\/secure.gravatar.com\/avatar\/be662fde82dc95ae10165035ae3bb4ff?s=96&d=mm&r=g\",\"contentUrl\":\"https:\/\/secure.gravatar.com\/avatar\/be662fde82dc95ae10165035ae3bb4ff?s=96&d=mm&r=g\",\"caption\":\"Fran\u00e7ois FX\"},\"description\":\"Passionn\u00e9 de MX et pilote \u00e0 ses heures perdues ! Depuis 2009 il est Fx Motors ! Toujours de bons conseils, il saura vous faire partager son expertise et deviendra votre guide en mati\u00e8re de pi\u00e8ces et d'\u00e9quipements pour votre motocross\",\"url\":\"https:\/\/www.fxmotors.fr\/blog\/author\/fxmotors\"}]}<\/script>\n<!-- \/ Yoast SEO plugin. -->","yoast_head_json":{"title":"MXGP Trentino 2015 - Nagl recolle - Blog Fx Motors","robots":{"index":"index","follow":"follow","max-snippet":"max-snippet:-1","max-image-preview":"max-image-preview:large","max-video-preview":"max-video-preview:-1"},"canonical":"https:\/\/www.fxmotors.fr\/blog\/actualites\/cross\/mxgp-trentino-2015-nagl-recolle","og_locale":"fr_FR","og_type":"article","og_title":"MXGP Trentino 2015 - Nagl recolle - Blog Fx Motors","og_url":"https:\/\/www.fxmotors.fr\/blog\/actualites\/cross\/mxgp-trentino-2015-nagl-recolle","og_site_name":"Blog Fx Motors","article_published_time":"2015-04-20T15:38:11+00:00","article_modified_time":"2015-04-20T15:51:28+00:00","og_image":[{"width":800,"height":533,"url":"https:\/\/www.fxmotors.fr\/blog\/wp-content\/uploads\/2015\/04\/mxgp-trentino-2015.jpg","type":"image\/jpeg"}],"author":"Fran\u00e7ois FX","twitter_misc":{"\u00c9crit par":"Fran\u00e7ois FX","Dur\u00e9e de lecture estim\u00e9e":"2 minutes"},"schema":{"@context":"https:\/\/schema.org","@graph":[{"@type":"WebPage","@id":"https:\/\/www.fxmotors.fr\/blog\/actualites\/cross\/mxgp-trentino-2015-nagl-recolle","url":"https:\/\/www.fxmotors.fr\/blog\/actualites\/cross\/mxgp-trentino-2015-nagl-recolle","name":"MXGP Trentino 2015 - Nagl recolle - Blog Fx Motors","isPartOf":{"@id":"https:\/\/www.fxmotors.fr\/blog\/#website"},"datePublished":"2015-04-20T15:38:11+00:00","dateModified":"2015-04-20T15:51:28+00:00","author":{"@id":"https:\/\/www.fxmotors.fr\/blog\/#\/schema\/person\/2552eaf1919a70b4dd426193193aa1f9"},"breadcrumb":{"@id":"https:\/\/www.fxmotors.fr\/blog\/actualites\/cross\/mxgp-trentino-2015-nagl-recolle#breadcrumb"},"inLanguage":"fr-FR","potentialAction":[{"@type":"ReadAction","target":["https:\/\/www.fxmotors.fr\/blog\/actualites\/cross\/mxgp-trentino-2015-nagl-recolle"]}]},{"@type":"BreadcrumbList","@id":"https:\/\/www.fxmotors.fr\/blog\/actualites\/cross\/mxgp-trentino-2015-nagl-recolle#breadcrumb","itemListElement":[{"@type":"ListItem","position":1,"name":"Accueil","item":"https:\/\/www.fxmotors.fr\/blog"},{"@type":"ListItem","position":2,"name":"MXGP Trentino 2015 &#8211; Nagl recolle"}]},{"@type":"WebSite","@id":"https:\/\/www.fxmotors.fr\/blog\/#website","url":"https:\/\/www.fxmotors.fr\/blog\/","name":"Blog Fx Motors","description":"Le cross au quotidien","potentialAction":[{"@type":"SearchAction","target":{"@type":"EntryPoint","urlTemplate":"https:\/\/www.fxmotors.fr\/blog\/?s={search_term_string}"},"query-input":"required name=search_term_string"}],"inLanguage":"fr-FR"},{"@type":"Person","@id":"https:\/\/www.fxmotors.fr\/blog\/#\/schema\/person\/2552eaf1919a70b4dd426193193aa1f9","name":"Fran\u00e7ois FX","image":{"@type":"ImageObject","inLanguage":"fr-FR","@id":"https:\/\/www.fxmotors.fr\/blog\/#\/schema\/person\/image\/","url":"https:\/\/secure.gravatar.com\/avatar\/be662fde82dc95ae10165035ae3bb4ff?s=96&d=mm&r=g","contentUrl":"https:\/\/secure.gravatar.com\/avatar\/be662fde82dc95ae10165035ae3bb4ff?s=96&d=mm&r=g","caption":"Fran\u00e7ois FX"},"description":"Passionn\u00e9 de MX et pilote \u00e0 ses heures perdues ! Depuis 2009 il est Fx Motors ! Toujours de bons conseils, il saura vous faire partager son expertise et deviendra votre guide en mati\u00e8re de pi\u00e8ces et d'\u00e9quipements pour votre motocross","url":"https:\/\/www.fxmotors.fr\/blog\/author\/fxmotors"}]}},"jetpack_featured_media_url":"https:\/\/www.fxmotors.fr\/blog\/wp-content\/uploads\/2015\/04\/mxgp-trentino-2015.jpg","jetpack_sharing_enabled":true,"jetpack_shortlink":"https:\/\/wp.me\/p5HoXY-bU","_links":{"self":[{"href":"https:\/\/www.fxmotors.fr\/blog\/wp-json\/wp\/v2\/posts\/738"}],"collection":[{"href":"https:\/\/www.fxmotors.fr\/blog\/wp-json\/wp\/v2\/posts"}],"about":[{"href":"https:\/\/www.fxmotors.fr\/blog\/wp-json\/wp\/v2\/types\/post"}],"author":[{"embeddable":true,"href":"https:\/\/www.fxmotors.fr\/blog\/wp-json\/wp\/v2\/users\/2"}],"replies":[{"embeddable":true,"href":"https:\/\/www.fxmotors.fr\/blog\/wp-json\/wp\/v2\/comments?post=738"}],"version-history":[{"count":3,"href":"https:\/\/www.fxmotors.fr\/blog\/wp-json\/wp\/v2\/posts\/738\/revisions"}],"predecessor-version":[{"id":743,"href":"https:\/\/www.fxmotors.fr\/blog\/wp-json\/wp\/v2\/posts\/738\/revisions\/743"}],"wp:featuredmedia":[{"embeddable":true,"href":"https:\/\/www.fxmotors.fr\/blog\/wp-json\/wp\/v2\/media\/739"}],"wp:attachment":[{"href":"https:\/\/www.fxmotors.fr\/blog\/wp-json\/wp\/v2\/media?parent=738"}],"wp:term":[{"taxonomy":"category","embeddable":true,"href":"https:\/\/www.fxmotors.fr\/blog\/wp-json\/wp\/v2\/categories?post=738"},{"taxonomy":"post_tag","embeddable":true,"href":"https:\/\/www.fxmotors.fr\/blog\/wp-json\/wp\/v2\/tags?post=738"}],"curies":[{"name":"wp","href":"https:\/\/api.w.org\/{rel}","templated":true}]}}