{"id":788,"date":"2015-05-07T17:56:08","date_gmt":"2015-05-07T17:56:08","guid":{"rendered":"http:\/\/www.fxmotors.fr\/blog\/?p=788"},"modified":"2022-06-30T08:15:29","modified_gmt":"2022-06-30T08:15:29","slug":"husqvarna-2016-le-nouveau-250-fc-est-arrive","status":"publish","type":"post","link":"https:\/\/www.fxmotors.fr\/blog\/actualites\/husqvarna-2016-le-nouveau-250-fc-est-arrive","title":{"rendered":"Husqvarna : Le nouveau 250 FC est arriv\u00e9"},"content":{"rendered":"<p>[vc_row][vc_column width=\u00a0\u00bb1\/1&Prime;][vc_column_text]Annonc\u00e9 mi-avril, le nouveau mod\u00e8le 250 FC de Husqvarna 2016 a donc vu le jour pour la premi\u00e8re fois \u00e0 Trentino en Italie en MX2[\/vc_column_text][vc_column_text]Pour le lancement officiel de ce nouveau 250 FC Factory, c&rsquo;est la team\u00a0Husqvarna Factory Racing, engag\u00e9e en MX2, qui s&rsquo;est donc vu confi\u00e9e la responsabilit\u00e9 des premiers tours de pistes. Plus l\u00e9g\u00e8re, plus maniable et en plus plus puissante, ce mod\u00e8le devrait permettre des meilleures performances pour la team emmen\u00e9e par le pilote Russe Alexandr Tonkov, qui \u00e9tait 4\u00e8me avant ce grand prix de Trentino.<\/p>\n<p>Et le r\u00e9sultat a \u00e9t\u00e9 d\u00e9cevant, le Russe terminant \u00e0 la 14\u00e8me place \u00e0 l&rsquo;issue des 2 manches.<\/p>\n<p>Heureusement, il semble que la team ait mis les bouch\u00e9es doubles pour mieux pr\u00e9parer le Grand Prix Europe qui avait lieu le 25 et 26 avril. Avec une 2nde place lors de la 2\u00e8me manche et en terminant 3\u00e8me au terme des 2 manches, Tonkov a pu se replacer au classement g\u00e9n\u00e9ral[\/vc_column_text][vc_single_image image=\u00a0\u00bb789&Prime; alignment=\u00a0\u00bbcenter\u00a0\u00bb style=\u00a0\u00bbvc_box_border\u00a0\u00bb border_color=\u00a0\u00bbgrey\u00a0\u00bb img_link_large=\u00a0\u00bbyes\u00a0\u00bb img_link_target=\u00a0\u00bb_self\u00a0\u00bb img_size=\u00a0\u00bbfull\u00a0\u00bb][\/vc_column][\/vc_row][vc_row][vc_column width=\u00a0\u00bb1\/1&Prime;][vc_column_text]<\/p>\n<h2>Quels changement\u00a0pour la Husqvarna 2016\u00a0?<\/h2>\n<p>Si la version grand public ne sortira pas avant cet \u00e9t\u00e9, on peut d\u00e9j\u00e0 relever quelques informations sur ce mod\u00e8le Factory.<\/p>\n<p>Niveau esth\u00e9tique, on sent bien l&rsquo;influence KTM (dont Husqvarna est une filiale) avec de forte similarit\u00e9 avec la SX-F au niveau des courbes plus longilignes et affin\u00e9es. L&rsquo;ensemble donne un rendu plus\u00a0agressif\u00a0mais aussi plus l\u00e9ger.<br \/>\nAu niveau du cadre, visiblement tout a \u00e9t\u00e9 revu pour am\u00e9liorer la flexibilit\u00e9 tout en conservant une forte rigidit\u00e9.<\/p>\n<p>Niveau moteur, Husqvarna n&rsquo;a pas \u00e9t\u00e9 tr\u00e8s loquace. On sait juste que le moteur a fait l&rsquo;objet d&rsquo;\u00e9volution notamment au niveau du syst\u00e8me d&rsquo;injection du carburant qui est cens\u00e9 apport\u00e9 un meilleur rendement\u00a0, nouvelle batterie, avec pour finalit\u00e9 une am\u00e9lioration de la puissance.<\/p>\n","protected":false},"excerpt":{"rendered":"<p><a class='more-link' href='https:\/\/www.fxmotors.fr\/blog\/actualites\/husqvarna-2016-le-nouveau-250-fc-est-arrive'>Lire l\u2019article<span class='screen-reader-text'>Husqvarna : Le nouveau 250 FC est arriv\u00e9<\/span><\/a><\/p>","protected":false},"author":2,"featured_media":791,"comment_status":"open","ping_status":"open","sticky":false,"template":"","format":"standard","meta":{"jetpack_post_was_ever_published":false,"jetpack_publicize_message":"","jetpack_is_tweetstorm":false,"jetpack_publicize_feature_enabled":true,"jetpack_social_post_already_shared":true,"jetpack_social_options":[]},"categories":[2,4,10],"tags":[],"jetpack_publicize_connections":[],"yoast_head":"<!-- This site is optimized with the Yoast SEO plugin v20.3 - https:\/\/yoast.com\/wordpress\/plugins\/seo\/ -->\n<title>Husqvarna : Le nouveau 250 FC est arriv\u00e9 - Blog Fx Motors<\/title>\n<meta name=\"robots\" content=\"index, follow, max-snippet:-1, max-image-preview:large, max-video-preview:-1\" \/>\n<link rel=\"canonical\" href=\"https:\/\/www.fxmotors.fr\/blog\/actualites\/husqvarna-2016-le-nouveau-250-fc-est-arrive\" \/>\n<meta property=\"og:locale\" content=\"fr_FR\" \/>\n<meta property=\"og:type\" content=\"article\" \/>\n<meta property=\"og:title\" content=\"Husqvarna : Le nouveau 250 FC est arriv\u00e9 - Blog Fx Motors\" \/>\n<meta property=\"og:url\" content=\"https:\/\/www.fxmotors.fr\/blog\/actualites\/husqvarna-2016-le-nouveau-250-fc-est-arrive\" \/>\n<meta property=\"og:site_name\" content=\"Blog Fx Motors\" \/>\n<meta property=\"article:published_time\" content=\"2015-05-07T17:56:08+00:00\" \/>\n<meta property=\"article:modified_time\" content=\"2022-06-30T08:15:29+00:00\" \/>\n<meta property=\"og:image\" content=\"https:\/\/www.fxmotors.fr\/blog\/wp-content\/uploads\/2015\/05\/Husqvarna-2016.jpg\" \/>\n\t<meta property=\"og:image:width\" content=\"1100\" \/>\n\t<meta property=\"og:image:height\" content=\"829\" \/>\n\t<meta property=\"og:image:type\" content=\"image\/jpeg\" \/>\n<meta name=\"author\" content=\"Fran\u00e7ois FX\" \/>\n<meta name=\"twitter:label1\" content=\"\u00c9crit par\" \/>\n\t<meta name=\"twitter:data1\" content=\"Fran\u00e7ois FX\" \/>\n\t<meta name=\"twitter:label2\" content=\"Dur\u00e9e de lecture estim\u00e9e\" \/>\n\t<meta name=\"twitter:data2\" content=\"2 minutes\" \/>\n<script type=\"application\/ld+json\" class=\"yoast-schema-graph\">{\"@context\":\"https:\/\/schema.org\",\"@graph\":[{\"@type\":\"WebPage\",\"@id\":\"https:\/\/www.fxmotors.fr\/blog\/actualites\/husqvarna-2016-le-nouveau-250-fc-est-arrive\",\"url\":\"https:\/\/www.fxmotors.fr\/blog\/actualites\/husqvarna-2016-le-nouveau-250-fc-est-arrive\",\"name\":\"Husqvarna : Le nouveau 250 FC est arriv\u00e9 - Blog Fx Motors\",\"isPartOf\":{\"@id\":\"https:\/\/www.fxmotors.fr\/blog\/#website\"},\"datePublished\":\"2015-05-07T17:56:08+00:00\",\"dateModified\":\"2022-06-30T08:15:29+00:00\",\"author\":{\"@id\":\"https:\/\/www.fxmotors.fr\/blog\/#\/schema\/person\/2552eaf1919a70b4dd426193193aa1f9\"},\"breadcrumb\":{\"@id\":\"https:\/\/www.fxmotors.fr\/blog\/actualites\/husqvarna-2016-le-nouveau-250-fc-est-arrive#breadcrumb\"},\"inLanguage\":\"fr-FR\",\"potentialAction\":[{\"@type\":\"ReadAction\",\"target\":[\"https:\/\/www.fxmotors.fr\/blog\/actualites\/husqvarna-2016-le-nouveau-250-fc-est-arrive\"]}]},{\"@type\":\"BreadcrumbList\",\"@id\":\"https:\/\/www.fxmotors.fr\/blog\/actualites\/husqvarna-2016-le-nouveau-250-fc-est-arrive#breadcrumb\",\"itemListElement\":[{\"@type\":\"ListItem\",\"position\":1,\"name\":\"Accueil\",\"item\":\"https:\/\/www.fxmotors.fr\/blog\"},{\"@type\":\"ListItem\",\"position\":2,\"name\":\"Husqvarna : Le nouveau 250 FC est arriv\u00e9\"}]},{\"@type\":\"WebSite\",\"@id\":\"https:\/\/www.fxmotors.fr\/blog\/#website\",\"url\":\"https:\/\/www.fxmotors.fr\/blog\/\",\"name\":\"Blog Fx Motors\",\"description\":\"Le cross au quotidien\",\"potentialAction\":[{\"@type\":\"SearchAction\",\"target\":{\"@type\":\"EntryPoint\",\"urlTemplate\":\"https:\/\/www.fxmotors.fr\/blog\/?s={search_term_string}\"},\"query-input\":\"required name=search_term_string\"}],\"inLanguage\":\"fr-FR\"},{\"@type\":\"Person\",\"@id\":\"https:\/\/www.fxmotors.fr\/blog\/#\/schema\/person\/2552eaf1919a70b4dd426193193aa1f9\",\"name\":\"Fran\u00e7ois FX\",\"image\":{\"@type\":\"ImageObject\",\"inLanguage\":\"fr-FR\",\"@id\":\"https:\/\/www.fxmotors.fr\/blog\/#\/schema\/person\/image\/\",\"url\":\"https:\/\/secure.gravatar.com\/avatar\/be662fde82dc95ae10165035ae3bb4ff?s=96&d=mm&r=g\",\"contentUrl\":\"https:\/\/secure.gravatar.com\/avatar\/be662fde82dc95ae10165035ae3bb4ff?s=96&d=mm&r=g\",\"caption\":\"Fran\u00e7ois FX\"},\"description\":\"Passionn\u00e9 de MX et pilote \u00e0 ses heures perdues ! Depuis 2009 il est Fx Motors ! Toujours de bons conseils, il saura vous faire partager son expertise et deviendra votre guide en mati\u00e8re de pi\u00e8ces et d'\u00e9quipements pour votre motocross\",\"url\":\"https:\/\/www.fxmotors.fr\/blog\/author\/fxmotors\"}]}<\/script>\n<!-- \/ Yoast SEO plugin. -->","yoast_head_json":{"title":"Husqvarna : Le nouveau 250 FC est arriv\u00e9 - Blog Fx Motors","robots":{"index":"index","follow":"follow","max-snippet":"max-snippet:-1","max-image-preview":"max-image-preview:large","max-video-preview":"max-video-preview:-1"},"canonical":"https:\/\/www.fxmotors.fr\/blog\/actualites\/husqvarna-2016-le-nouveau-250-fc-est-arrive","og_locale":"fr_FR","og_type":"article","og_title":"Husqvarna : Le nouveau 250 FC est arriv\u00e9 - Blog Fx Motors","og_url":"https:\/\/www.fxmotors.fr\/blog\/actualites\/husqvarna-2016-le-nouveau-250-fc-est-arrive","og_site_name":"Blog Fx Motors","article_published_time":"2015-05-07T17:56:08+00:00","article_modified_time":"2022-06-30T08:15:29+00:00","og_image":[{"width":1100,"height":829,"url":"https:\/\/www.fxmotors.fr\/blog\/wp-content\/uploads\/2015\/05\/Husqvarna-2016.jpg","type":"image\/jpeg"}],"author":"Fran\u00e7ois FX","twitter_misc":{"\u00c9crit par":"Fran\u00e7ois FX","Dur\u00e9e de lecture estim\u00e9e":"2 minutes"},"schema":{"@context":"https:\/\/schema.org","@graph":[{"@type":"WebPage","@id":"https:\/\/www.fxmotors.fr\/blog\/actualites\/husqvarna-2016-le-nouveau-250-fc-est-arrive","url":"https:\/\/www.fxmotors.fr\/blog\/actualites\/husqvarna-2016-le-nouveau-250-fc-est-arrive","name":"Husqvarna : Le nouveau 250 FC est arriv\u00e9 - Blog Fx Motors","isPartOf":{"@id":"https:\/\/www.fxmotors.fr\/blog\/#website"},"datePublished":"2015-05-07T17:56:08+00:00","dateModified":"2022-06-30T08:15:29+00:00","author":{"@id":"https:\/\/www.fxmotors.fr\/blog\/#\/schema\/person\/2552eaf1919a70b4dd426193193aa1f9"},"breadcrumb":{"@id":"https:\/\/www.fxmotors.fr\/blog\/actualites\/husqvarna-2016-le-nouveau-250-fc-est-arrive#breadcrumb"},"inLanguage":"fr-FR","potentialAction":[{"@type":"ReadAction","target":["https:\/\/www.fxmotors.fr\/blog\/actualites\/husqvarna-2016-le-nouveau-250-fc-est-arrive"]}]},{"@type":"BreadcrumbList","@id":"https:\/\/www.fxmotors.fr\/blog\/actualites\/husqvarna-2016-le-nouveau-250-fc-est-arrive#breadcrumb","itemListElement":[{"@type":"ListItem","position":1,"name":"Accueil","item":"https:\/\/www.fxmotors.fr\/blog"},{"@type":"ListItem","position":2,"name":"Husqvarna : Le nouveau 250 FC est arriv\u00e9"}]},{"@type":"WebSite","@id":"https:\/\/www.fxmotors.fr\/blog\/#website","url":"https:\/\/www.fxmotors.fr\/blog\/","name":"Blog Fx Motors","description":"Le cross au quotidien","potentialAction":[{"@type":"SearchAction","target":{"@type":"EntryPoint","urlTemplate":"https:\/\/www.fxmotors.fr\/blog\/?s={search_term_string}"},"query-input":"required name=search_term_string"}],"inLanguage":"fr-FR"},{"@type":"Person","@id":"https:\/\/www.fxmotors.fr\/blog\/#\/schema\/person\/2552eaf1919a70b4dd426193193aa1f9","name":"Fran\u00e7ois FX","image":{"@type":"ImageObject","inLanguage":"fr-FR","@id":"https:\/\/www.fxmotors.fr\/blog\/#\/schema\/person\/image\/","url":"https:\/\/secure.gravatar.com\/avatar\/be662fde82dc95ae10165035ae3bb4ff?s=96&d=mm&r=g","contentUrl":"https:\/\/secure.gravatar.com\/avatar\/be662fde82dc95ae10165035ae3bb4ff?s=96&d=mm&r=g","caption":"Fran\u00e7ois FX"},"description":"Passionn\u00e9 de MX et pilote \u00e0 ses heures perdues ! Depuis 2009 il est Fx Motors ! Toujours de bons conseils, il saura vous faire partager son expertise et deviendra votre guide en mati\u00e8re de pi\u00e8ces et d'\u00e9quipements pour votre motocross","url":"https:\/\/www.fxmotors.fr\/blog\/author\/fxmotors"}]}},"jetpack_featured_media_url":"https:\/\/www.fxmotors.fr\/blog\/wp-content\/uploads\/2015\/05\/Husqvarna-2016.jpg","jetpack_sharing_enabled":true,"jetpack_shortlink":"https:\/\/wp.me\/p5HoXY-cI","_links":{"self":[{"href":"https:\/\/www.fxmotors.fr\/blog\/wp-json\/wp\/v2\/posts\/788"}],"collection":[{"href":"https:\/\/www.fxmotors.fr\/blog\/wp-json\/wp\/v2\/posts"}],"about":[{"href":"https:\/\/www.fxmotors.fr\/blog\/wp-json\/wp\/v2\/types\/post"}],"author":[{"embeddable":true,"href":"https:\/\/www.fxmotors.fr\/blog\/wp-json\/wp\/v2\/users\/2"}],"replies":[{"embeddable":true,"href":"https:\/\/www.fxmotors.fr\/blog\/wp-json\/wp\/v2\/comments?post=788"}],"version-history":[{"count":6,"href":"https:\/\/www.fxmotors.fr\/blog\/wp-json\/wp\/v2\/posts\/788\/revisions"}],"predecessor-version":[{"id":3719,"href":"https:\/\/www.fxmotors.fr\/blog\/wp-json\/wp\/v2\/posts\/788\/revisions\/3719"}],"wp:featuredmedia":[{"embeddable":true,"href":"https:\/\/www.fxmotors.fr\/blog\/wp-json\/wp\/v2\/media\/791"}],"wp:attachment":[{"href":"https:\/\/www.fxmotors.fr\/blog\/wp-json\/wp\/v2\/media?parent=788"}],"wp:term":[{"taxonomy":"category","embeddable":true,"href":"https:\/\/www.fxmotors.fr\/blog\/wp-json\/wp\/v2\/categories?post=788"},{"taxonomy":"post_tag","embeddable":true,"href":"https:\/\/www.fxmotors.fr\/blog\/wp-json\/wp\/v2\/tags?post=788"}],"curies":[{"name":"wp","href":"https:\/\/api.w.org\/{rel}","templated":true}]}}