{"id":805,"date":"2015-05-11T10:41:31","date_gmt":"2015-05-11T10:41:31","guid":{"rendered":"http:\/\/www.fxmotors.fr\/blog\/?p=805"},"modified":"2022-02-17T11:06:26","modified_gmt":"2022-02-17T11:06:26","slug":"mxgp-espagne-2015-cairoli-simpose-2","status":"publish","type":"post","link":"https:\/\/www.fxmotors.fr\/blog\/actualites\/cross\/mxgp-espagne-2015-cairoli-simpose-2","title":{"rendered":"MXGP Espagne 2015 &#8211; Cairoli s&rsquo;impose"},"content":{"rendered":"<p>[vc_row][vc_column][vc_column_text]Le champion du monde en titre, Antonio Cairoli vient de remporter le MXGP d&rsquo;Espagne, dans la fournaise de\u00a0Talavera de la Reina. L&rsquo;italien signe son premier succ\u00e8s de la saison en MXGP[\/vc_column_text][\/vc_column][\/vc_row][vc_row][vc_column][vc_column_text]<\/p>\n<h2>La premi\u00e8re de Cairoli sur 450cc<\/h2>\n<p>Le pilote KTM avait tent\u00e9 un dr\u00f4le de pari ce week end. En effet, Cairoli a pris la d\u00e9cision de remplacer son habituel 350, qu&rsquo;il utilisait depuis plus de 5 ans, par une <strong>450\u00a0SX-F<\/strong>.\u00a0Un mod\u00e8le fortement similaire \u00e0 la <strong>Husqvarna de Nagl<\/strong> !<\/p>\n<p>L&rsquo;Italien s&rsquo;\u00e9tait pourtant entrain\u00e9 un bonne partie de l&rsquo;hiver avec la 450cc KTM mais s&rsquo;\u00e9tait r\u00e9sign\u00e9 \u00e0 d\u00e9marrer sa saison sur la 350 suite \u00e0 de meilleures sensations. Ce changement, il l&rsquo;explique tr\u00e8s bien :<\/p>\n<blockquote><p><em>Le niveau technique des circuits a baiss\u00e9 et la puissance des motos est donc vraiment importante. Je sentais que je devais aller au bout des limites de la 350cc pour suivre mes adversaires.<\/em><\/p><\/blockquote>\n<p>Les r\u00e9sultats ne se sont pas fait attendre au terme d&rsquo;une course relativement calme ! <strong>Cairoli a pris la 3\u00e8me place de la premi\u00e8re manche<\/strong>, laissant filer d\u00e8s les premiers instants l&rsquo;allemand et le belge Desalle.<\/p>\n<p>Pour la seconde manche, sc\u00e9nario quasi invers\u00e9 o\u00f9 <strong>Cairoli, ayant r\u00e9alis\u00e9 le Holeshot<\/strong>, aura du lutter une grande partie de cette manche pour finalement s&rsquo;imposer. Nagl finissant \u00e0 son tour 3\u00e8me, permettant ainsi \u00e0 Antonio Cairoli de <strong>remporter sa premi\u00e8re course de la saison<\/strong>. Et si cela \u00a0a \u00e9t\u00e9 possible, l&rsquo;italien le doit bien entendu \u00e0 son pilotage et tr\u00e8s certainement \u00e0 sa nouvelle cylindr\u00e9e, mais aussi gr\u00e2ce \u00e0 la performance de <strong>Romain Febvre, 2\u00e8me de la seconde manche<\/strong> ! Si le rookie fran\u00e7ais aura donner du fil \u00e0 retordre \u00e0 l&rsquo;Italien dans la seconde manche, il aura aussi r\u00e9aliser une belle course en 1\u00e8re, terminant 4\u00e8me. Il signe donc <strong>son premier podium<\/strong> depuis son arriv\u00e9e en MXGP.<\/p>\n<p><a href=\"https:\/\/www.fxmotors.fr\/blog\/wp-content\/uploads\/2015\/05\/MXGPpodium_MXGP_6_E_2015.jpg\"><img decoding=\"async\" loading=\"lazy\" class=\"aligncenter size-full wp-image-800\" src=\"https:\/\/www.fxmotors.fr\/blog\/wp-content\/uploads\/2015\/05\/MXGPpodium_MXGP_6_E_2015.jpg\" alt=\"MXGPpodium_MXGP_6_E_2015\" width=\"800\" height=\"533\" srcset=\"https:\/\/www.fxmotors.fr\/blog\/wp-content\/uploads\/2015\/05\/MXGPpodium_MXGP_6_E_2015.jpg 800w, https:\/\/www.fxmotors.fr\/blog\/wp-content\/uploads\/2015\/05\/MXGPpodium_MXGP_6_E_2015-300x200.jpg 300w\" sizes=\"(max-width: 800px) 100vw, 800px\" \/><\/a><\/p>\n<p>La performance du Fran\u00e7ais aura donn\u00e9 lieu \u00e0 une autre premi\u00e8re (apr\u00e8s la victoire de Cairoli et le podium de Febvre) avec <strong>le non podium du Belge Desalle<\/strong> qui n&rsquo;avait jamais termin\u00e9 au del\u00e0 de la 3\u00e8me place en 5 Grand Prix.<\/p>\n<p>Et c&rsquo;est donc lui qui r\u00e9alise la plus mauvaise op\u00e9ration du week end, se laissant distancer par Nagl de 8\u00a0points !<\/p>\n<p>Retrouvez l&rsquo;int\u00e9gralit\u00e9 du classement MXGP[\/vc_column_text][vc_video link=\u00a0\u00bbhttps:\/\/www.youtube.com\/watch?v=YATT9mUhkQk\u00a0\u00bb title=\u00a0\u00bbR\u00e9sum\u00e9 MXGP Espagne 2015&Prime;][vc_column_text]<\/p>\n<h2>Guillod vainqueur en MX2<\/h2>\n<p>S&rsquo;il y a peu de suspens sur l&rsquo;issue final du classement en MX2, on notera tout de m\u00eame la performance du pilote Suisse de la team Standing Construct qui remporte son premier Grand Prix devant Herlings et Tixier. Le pilote Yamaha se positionne en 5\u00e8me position.[\/vc_column_text][\/vc_column][\/vc_row]<\/p>\n","protected":false},"excerpt":{"rendered":"<p><a class='more-link' href='https:\/\/www.fxmotors.fr\/blog\/actualites\/cross\/mxgp-espagne-2015-cairoli-simpose-2'>Lire l\u2019article<span class='screen-reader-text'>MXGP Espagne 2015 &#8211; Cairoli s&rsquo;impose<\/span><\/a><\/p>","protected":false},"author":2,"featured_media":799,"comment_status":"open","ping_status":"open","sticky":false,"template":"","format":"standard","meta":{"jetpack_post_was_ever_published":false,"jetpack_publicize_message":"","jetpack_is_tweetstorm":false,"jetpack_publicize_feature_enabled":true,"jetpack_social_post_already_shared":true,"jetpack_social_options":[]},"categories":[4],"tags":[],"jetpack_publicize_connections":[],"yoast_head":"<!-- This site is optimized with the Yoast SEO plugin v20.3 - https:\/\/yoast.com\/wordpress\/plugins\/seo\/ -->\n<title>MXGP Espagne 2015 - Cairoli s&#039;impose - Blog Fx Motors<\/title>\n<meta name=\"robots\" content=\"index, follow, max-snippet:-1, max-image-preview:large, max-video-preview:-1\" \/>\n<link rel=\"canonical\" href=\"https:\/\/www.fxmotors.fr\/blog\/actualites\/cross\/mxgp-espagne-2015-cairoli-simpose-2\" \/>\n<meta property=\"og:locale\" content=\"fr_FR\" \/>\n<meta property=\"og:type\" content=\"article\" \/>\n<meta property=\"og:title\" content=\"MXGP Espagne 2015 - Cairoli s&#039;impose - Blog Fx Motors\" \/>\n<meta property=\"og:url\" content=\"https:\/\/www.fxmotors.fr\/blog\/actualites\/cross\/mxgp-espagne-2015-cairoli-simpose-2\" \/>\n<meta property=\"og:site_name\" content=\"Blog Fx Motors\" \/>\n<meta property=\"article:published_time\" content=\"2015-05-11T10:41:31+00:00\" \/>\n<meta property=\"article:modified_time\" content=\"2022-02-17T11:06:26+00:00\" \/>\n<meta property=\"og:image\" content=\"https:\/\/www.fxmotors.fr\/blog\/wp-content\/uploads\/2015\/05\/Cairoli_MXGP_6_E_2015.jpg\" \/>\n\t<meta property=\"og:image:width\" content=\"800\" \/>\n\t<meta property=\"og:image:height\" content=\"533\" \/>\n\t<meta property=\"og:image:type\" content=\"image\/jpeg\" \/>\n<meta name=\"author\" content=\"Fran\u00e7ois FX\" \/>\n<meta name=\"twitter:label1\" content=\"\u00c9crit par\" \/>\n\t<meta name=\"twitter:data1\" content=\"Fran\u00e7ois FX\" \/>\n\t<meta name=\"twitter:label2\" content=\"Dur\u00e9e de lecture estim\u00e9e\" \/>\n\t<meta name=\"twitter:data2\" content=\"2 minutes\" \/>\n<script type=\"application\/ld+json\" class=\"yoast-schema-graph\">{\"@context\":\"https:\/\/schema.org\",\"@graph\":[{\"@type\":\"WebPage\",\"@id\":\"https:\/\/www.fxmotors.fr\/blog\/actualites\/cross\/mxgp-espagne-2015-cairoli-simpose-2\",\"url\":\"https:\/\/www.fxmotors.fr\/blog\/actualites\/cross\/mxgp-espagne-2015-cairoli-simpose-2\",\"name\":\"MXGP Espagne 2015 - Cairoli s'impose - Blog Fx Motors\",\"isPartOf\":{\"@id\":\"https:\/\/www.fxmotors.fr\/blog\/#website\"},\"datePublished\":\"2015-05-11T10:41:31+00:00\",\"dateModified\":\"2022-02-17T11:06:26+00:00\",\"author\":{\"@id\":\"https:\/\/www.fxmotors.fr\/blog\/#\/schema\/person\/2552eaf1919a70b4dd426193193aa1f9\"},\"breadcrumb\":{\"@id\":\"https:\/\/www.fxmotors.fr\/blog\/actualites\/cross\/mxgp-espagne-2015-cairoli-simpose-2#breadcrumb\"},\"inLanguage\":\"fr-FR\",\"potentialAction\":[{\"@type\":\"ReadAction\",\"target\":[\"https:\/\/www.fxmotors.fr\/blog\/actualites\/cross\/mxgp-espagne-2015-cairoli-simpose-2\"]}]},{\"@type\":\"BreadcrumbList\",\"@id\":\"https:\/\/www.fxmotors.fr\/blog\/actualites\/cross\/mxgp-espagne-2015-cairoli-simpose-2#breadcrumb\",\"itemListElement\":[{\"@type\":\"ListItem\",\"position\":1,\"name\":\"Accueil\",\"item\":\"https:\/\/www.fxmotors.fr\/blog\"},{\"@type\":\"ListItem\",\"position\":2,\"name\":\"MXGP Espagne 2015 &#8211; Cairoli s&rsquo;impose\"}]},{\"@type\":\"WebSite\",\"@id\":\"https:\/\/www.fxmotors.fr\/blog\/#website\",\"url\":\"https:\/\/www.fxmotors.fr\/blog\/\",\"name\":\"Blog Fx Motors\",\"description\":\"Le cross au quotidien\",\"potentialAction\":[{\"@type\":\"SearchAction\",\"target\":{\"@type\":\"EntryPoint\",\"urlTemplate\":\"https:\/\/www.fxmotors.fr\/blog\/?s={search_term_string}\"},\"query-input\":\"required name=search_term_string\"}],\"inLanguage\":\"fr-FR\"},{\"@type\":\"Person\",\"@id\":\"https:\/\/www.fxmotors.fr\/blog\/#\/schema\/person\/2552eaf1919a70b4dd426193193aa1f9\",\"name\":\"Fran\u00e7ois FX\",\"image\":{\"@type\":\"ImageObject\",\"inLanguage\":\"fr-FR\",\"@id\":\"https:\/\/www.fxmotors.fr\/blog\/#\/schema\/person\/image\/\",\"url\":\"https:\/\/secure.gravatar.com\/avatar\/be662fde82dc95ae10165035ae3bb4ff?s=96&d=mm&r=g\",\"contentUrl\":\"https:\/\/secure.gravatar.com\/avatar\/be662fde82dc95ae10165035ae3bb4ff?s=96&d=mm&r=g\",\"caption\":\"Fran\u00e7ois FX\"},\"description\":\"Passionn\u00e9 de MX et pilote \u00e0 ses heures perdues ! Depuis 2009 il est Fx Motors ! Toujours de bons conseils, il saura vous faire partager son expertise et deviendra votre guide en mati\u00e8re de pi\u00e8ces et d'\u00e9quipements pour votre motocross\",\"url\":\"https:\/\/www.fxmotors.fr\/blog\/author\/fxmotors\"}]}<\/script>\n<!-- \/ Yoast SEO plugin. -->","yoast_head_json":{"title":"MXGP Espagne 2015 - Cairoli s'impose - Blog Fx Motors","robots":{"index":"index","follow":"follow","max-snippet":"max-snippet:-1","max-image-preview":"max-image-preview:large","max-video-preview":"max-video-preview:-1"},"canonical":"https:\/\/www.fxmotors.fr\/blog\/actualites\/cross\/mxgp-espagne-2015-cairoli-simpose-2","og_locale":"fr_FR","og_type":"article","og_title":"MXGP Espagne 2015 - Cairoli s'impose - Blog Fx Motors","og_url":"https:\/\/www.fxmotors.fr\/blog\/actualites\/cross\/mxgp-espagne-2015-cairoli-simpose-2","og_site_name":"Blog Fx Motors","article_published_time":"2015-05-11T10:41:31+00:00","article_modified_time":"2022-02-17T11:06:26+00:00","og_image":[{"width":800,"height":533,"url":"https:\/\/www.fxmotors.fr\/blog\/wp-content\/uploads\/2015\/05\/Cairoli_MXGP_6_E_2015.jpg","type":"image\/jpeg"}],"author":"Fran\u00e7ois FX","twitter_misc":{"\u00c9crit par":"Fran\u00e7ois FX","Dur\u00e9e de lecture estim\u00e9e":"2 minutes"},"schema":{"@context":"https:\/\/schema.org","@graph":[{"@type":"WebPage","@id":"https:\/\/www.fxmotors.fr\/blog\/actualites\/cross\/mxgp-espagne-2015-cairoli-simpose-2","url":"https:\/\/www.fxmotors.fr\/blog\/actualites\/cross\/mxgp-espagne-2015-cairoli-simpose-2","name":"MXGP Espagne 2015 - Cairoli s'impose - Blog Fx Motors","isPartOf":{"@id":"https:\/\/www.fxmotors.fr\/blog\/#website"},"datePublished":"2015-05-11T10:41:31+00:00","dateModified":"2022-02-17T11:06:26+00:00","author":{"@id":"https:\/\/www.fxmotors.fr\/blog\/#\/schema\/person\/2552eaf1919a70b4dd426193193aa1f9"},"breadcrumb":{"@id":"https:\/\/www.fxmotors.fr\/blog\/actualites\/cross\/mxgp-espagne-2015-cairoli-simpose-2#breadcrumb"},"inLanguage":"fr-FR","potentialAction":[{"@type":"ReadAction","target":["https:\/\/www.fxmotors.fr\/blog\/actualites\/cross\/mxgp-espagne-2015-cairoli-simpose-2"]}]},{"@type":"BreadcrumbList","@id":"https:\/\/www.fxmotors.fr\/blog\/actualites\/cross\/mxgp-espagne-2015-cairoli-simpose-2#breadcrumb","itemListElement":[{"@type":"ListItem","position":1,"name":"Accueil","item":"https:\/\/www.fxmotors.fr\/blog"},{"@type":"ListItem","position":2,"name":"MXGP Espagne 2015 &#8211; Cairoli s&rsquo;impose"}]},{"@type":"WebSite","@id":"https:\/\/www.fxmotors.fr\/blog\/#website","url":"https:\/\/www.fxmotors.fr\/blog\/","name":"Blog Fx Motors","description":"Le cross au quotidien","potentialAction":[{"@type":"SearchAction","target":{"@type":"EntryPoint","urlTemplate":"https:\/\/www.fxmotors.fr\/blog\/?s={search_term_string}"},"query-input":"required name=search_term_string"}],"inLanguage":"fr-FR"},{"@type":"Person","@id":"https:\/\/www.fxmotors.fr\/blog\/#\/schema\/person\/2552eaf1919a70b4dd426193193aa1f9","name":"Fran\u00e7ois FX","image":{"@type":"ImageObject","inLanguage":"fr-FR","@id":"https:\/\/www.fxmotors.fr\/blog\/#\/schema\/person\/image\/","url":"https:\/\/secure.gravatar.com\/avatar\/be662fde82dc95ae10165035ae3bb4ff?s=96&d=mm&r=g","contentUrl":"https:\/\/secure.gravatar.com\/avatar\/be662fde82dc95ae10165035ae3bb4ff?s=96&d=mm&r=g","caption":"Fran\u00e7ois FX"},"description":"Passionn\u00e9 de MX et pilote \u00e0 ses heures perdues ! Depuis 2009 il est Fx Motors ! Toujours de bons conseils, il saura vous faire partager son expertise et deviendra votre guide en mati\u00e8re de pi\u00e8ces et d'\u00e9quipements pour votre motocross","url":"https:\/\/www.fxmotors.fr\/blog\/author\/fxmotors"}]}},"jetpack_featured_media_url":"https:\/\/www.fxmotors.fr\/blog\/wp-content\/uploads\/2015\/05\/Cairoli_MXGP_6_E_2015.jpg","jetpack_sharing_enabled":true,"jetpack_shortlink":"https:\/\/wp.me\/p5HoXY-cZ","_links":{"self":[{"href":"https:\/\/www.fxmotors.fr\/blog\/wp-json\/wp\/v2\/posts\/805"}],"collection":[{"href":"https:\/\/www.fxmotors.fr\/blog\/wp-json\/wp\/v2\/posts"}],"about":[{"href":"https:\/\/www.fxmotors.fr\/blog\/wp-json\/wp\/v2\/types\/post"}],"author":[{"embeddable":true,"href":"https:\/\/www.fxmotors.fr\/blog\/wp-json\/wp\/v2\/users\/2"}],"replies":[{"embeddable":true,"href":"https:\/\/www.fxmotors.fr\/blog\/wp-json\/wp\/v2\/comments?post=805"}],"version-history":[{"count":2,"href":"https:\/\/www.fxmotors.fr\/blog\/wp-json\/wp\/v2\/posts\/805\/revisions"}],"predecessor-version":[{"id":3697,"href":"https:\/\/www.fxmotors.fr\/blog\/wp-json\/wp\/v2\/posts\/805\/revisions\/3697"}],"wp:featuredmedia":[{"embeddable":true,"href":"https:\/\/www.fxmotors.fr\/blog\/wp-json\/wp\/v2\/media\/799"}],"wp:attachment":[{"href":"https:\/\/www.fxmotors.fr\/blog\/wp-json\/wp\/v2\/media?parent=805"}],"wp:term":[{"taxonomy":"category","embeddable":true,"href":"https:\/\/www.fxmotors.fr\/blog\/wp-json\/wp\/v2\/categories?post=805"},{"taxonomy":"post_tag","embeddable":true,"href":"https:\/\/www.fxmotors.fr\/blog\/wp-json\/wp\/v2\/tags?post=805"}],"curies":[{"name":"wp","href":"https:\/\/api.w.org\/{rel}","templated":true}]}}