{"id":823,"date":"2015-05-30T10:05:25","date_gmt":"2015-05-30T10:05:25","guid":{"rendered":"http:\/\/www.fxmotors.fr\/blog\/?p=823"},"modified":"2015-05-30T10:08:05","modified_gmt":"2015-05-30T10:08:05","slug":"mxgp-france-2015-a-villars-sous-ecot-presentation","status":"publish","type":"post","link":"https:\/\/www.fxmotors.fr\/blog\/actualites\/mxgp-france-2015-a-villars-sous-ecot-presentation","title":{"rendered":"MXGP France 2015 \u00e0 Villars sous Ecot &#8211; Pr\u00e9sentation"},"content":{"rendered":"<p>[vc_row][vc_column width=\u00a0\u00bb1\/1&Prime;][vc_column_text]Aujourd&rsquo;hui, 30 mai 2015, d\u00e9marre le MXGP de France ! Les meilleurs pilotes\u00a0mondiaux, enfin europ\u00e9ens en grande partie, se retrouvent ce week end en Franche Comt\u00e9, \u00e0 Villars sous Ecot, pour la huiti\u00e8me \u00e9preuve des championnats du monde de MX ![\/vc_column_text][\/vc_column][\/vc_row][vc_row][vc_column width=\u00a0\u00bb1\/1&Prime;][vc_column_text]Si le Grand Prix de France de motocross\u00a0se d\u00e9roulait habituellement \u00e0 Saint d&rsquo;Ang\u00e9ly (et occasionnellement \u00e0 Ern\u00e9e), changement de d\u00e9cor pour ce MXGP 2015 de France, avec un retour sur l&rsquo;un des circuits MX historiques puisque le\u00a0circuit de la Versenne a connu ses heures de gloire dans les ann\u00e9es 80 avec en point d&rsquo;orgue le MX des nations en 1988.<\/p>\n<p>Pour cet \u00e9v\u00e9nement majeur de la saison MXGP, les organisateurs de Villars sous Ecot ont du effectuer des travaux de mise en conformit\u00e9 avec les normes internationales permettant d&rsquo;accueillir les 4 cat\u00e9gories (EMX 125, WMX, MX2 et MXGP). Op\u00e9ration r\u00e9ussie apr\u00e8s plus de 6 mois de travaux ![\/vc_column_text][vc_video title=\u00a0\u00bbNouveau circuit de Villars s\/ Ecot\u00a0\u00bb link=\u00a0\u00bbhttps:\/\/vimeo.com\/128026740&Prime;][\/vc_column][\/vc_row][vc_row][vc_column width=\u00a0\u00bb1\/1&Prime;][vc_column_text]<\/p>\n<h2>Le spectacle peut commencer !<\/h2>\n<p>The show must go on \u00e0 la fran\u00e7aise. Apr\u00e8s le MXGP de Londres qui a vu\u00a0la seconde victoire de la saison du champion en titre, Antonio Cairoli, la pression est sur le duo Nagl\/Desalle ! L&rsquo;italien est en plein forme apr\u00e8s ses 2 succ\u00e8s d&rsquo;affil\u00e9e et est en train de grignoter son retard sur le duo de t\u00eate qui se sont partag\u00e9es les 2 premi\u00e8res places depuis le d\u00e9but de la saison (Nagl 4 fois en t\u00eate, Desalle 3 fois).<\/p>\n<p>Si on avait enterr\u00e9 Cairoli un peu rapidement apr\u00e8s sa contre performance au MXGP Europe (aux Pays Bas) o\u00f9 il avait lourdement chut\u00e9 lors de la 1\u00e8re manche,\u00a0accusant un retard de 30 points sur Nagl, le pilote KTM Red Bull a remis la machine en route et les pendules \u00e0 l&rsquo;heure.<\/p>\n<p>Profitant de la 5\u00e8me place de l&rsquo;allemand en Angleterre, le voil\u00e0 revenu \u00e0 21 points (un foss\u00e9 pour le moment) du pilote Husqvarna Ice One et \u00e0 17 points du r\u00e9gulier belge Desalle. De quoi voir du beau spectacle ce week end en Franche Comt\u00e9, malgr\u00e9 l&rsquo;absence de Ryan Villopoto, toujours bless\u00e9.<\/p>\n<figure style=\"width: 650px\" class=\"wp-caption aligncenter\"><img decoding=\"async\" loading=\"lazy\" class=\"\" src=\"http:\/\/fr.motocrossmag.be\/wp-content\/uploads\/2015\/03\/Podium-MXGP_Argentine_032572dpi-650x433.jpg\" alt=\"\" width=\"650\" height=\"433\" \/><figcaption class=\"wp-caption-text\">Le trio de t\u00eate actuel (ici en Argentine)<\/figcaption><\/figure>\n<p>[\/vc_column_text][\/vc_column][\/vc_row][vc_row][vc_column width=\u00a0\u00bb1\/1&Prime;][vc_column_text]<\/p>\n<h2>Les Fran\u00e7ais en embuscade<\/h2>\n<p>Avec la victoire de Paulin aux MXGP Europe, r\u00e9alisant le doubl\u00e9, seulement le second de l&rsquo;ann\u00e9e apr\u00e8s celui de Nagl en ouverture au Qatar, et les 2 podiums cons\u00e9cutifs de Romain Febvre, notamment victorieux de la seconde manche la semaine derni\u00e8re \u00e0 Matterley Basin, il n&rsquo;est pas exclu qu&rsquo;une surprise puisse venir de ce c\u00f4t\u00e9.<\/p>\n<p>Devant leur public, Paulin et Febvre, respectivement 4\u00e8me et 5\u00e8me du classement g\u00e9n\u00e9ral (2 points d&rsquo;\u00e9cart), mais d\u00e9croch\u00e9s du trio de t\u00eate, peuvent se voir pousser des ailes (aucun des 2 n&rsquo;est rattach\u00e9 \u00e0 Red Bull pourtant&#8230;). La meilleure c\u00f4te reste certainement celle du pilote Yamaha qui est en feu depuis 2 Grand Prix, tandis que le N\u00b022 de la team Honda HRC n&rsquo;est pas dans une grande forme et n&rsquo;a pas su confirmer sa performance hollandaise&#8230; Reste que les 2 pilotes sont de s\u00e9rieux outsiders \u00a0!<\/p>\n<p><strong>En MX2<\/strong>, on attend aussi une surprise de nos fran\u00e7ais, que ce soit avec le champion en titre Jordi Tixier (qui est en train de r\u00e9aliser le meilleur temps de la matin\u00e9e sur les essais libres) ou Dylan Ferrandis qui apr\u00e8s un d\u00e9but de saison canon marque le pas sur les derniers GP.[\/vc_column_text][\/vc_column][\/vc_row][vc_row][vc_column width=\u00a0\u00bb1\/1&Prime;][vc_column_text]Retrouvez <a href=\"http:\/\/www.mcvillars.com\/mxgpfrance2015\/wp-content\/themes\/mxgp\/pdf\/MXGP-HORAIRES-GP-France.pdf\" target=\"_blank\">le programme complet du MXGP France 2015<\/a> sur le site du <a href=\"http:\/\/www.mcvillars.com\/\" target=\"_blank\">motocross de Villars<\/a><\/p>\n<p>[\/vc_column_text][vc_video title=\u00a0\u00bbPr\u00e9sentation MXGR France de Villars sous Ecot\u00a0\u00bb link=\u00a0\u00bbhttps:\/\/www.youtube.com\/watch?v=4buY7UesAKg\u00a0\u00bb][\/vc_column][\/vc_row]<\/p>\n","protected":false},"excerpt":{"rendered":"<p><a class='more-link' href='https:\/\/www.fxmotors.fr\/blog\/actualites\/mxgp-france-2015-a-villars-sous-ecot-presentation'>Lire l\u2019article<span class='screen-reader-text'>MXGP France 2015 \u00e0 Villars sous Ecot &#8211; Pr\u00e9sentation<\/span><\/a><\/p>","protected":false},"author":2,"featured_media":824,"comment_status":"open","ping_status":"open","sticky":false,"template":"","format":"standard","meta":{"jetpack_post_was_ever_published":false,"jetpack_publicize_message":"","jetpack_is_tweetstorm":false,"jetpack_publicize_feature_enabled":true,"jetpack_social_post_already_shared":true,"jetpack_social_options":[]},"categories":[2,4],"tags":[],"jetpack_publicize_connections":[],"yoast_head":"<!-- This site is optimized with the Yoast SEO plugin v20.3 - https:\/\/yoast.com\/wordpress\/plugins\/seo\/ -->\n<title>MXGP France 2015 \u00e0 Villars sous Ecot - Pr\u00e9sentation - Blog Fx Motors<\/title>\n<meta name=\"robots\" content=\"index, follow, max-snippet:-1, max-image-preview:large, max-video-preview:-1\" \/>\n<link rel=\"canonical\" href=\"https:\/\/www.fxmotors.fr\/blog\/actualites\/mxgp-france-2015-a-villars-sous-ecot-presentation\" \/>\n<meta property=\"og:locale\" content=\"fr_FR\" \/>\n<meta property=\"og:type\" content=\"article\" \/>\n<meta property=\"og:title\" content=\"MXGP France 2015 \u00e0 Villars sous Ecot - Pr\u00e9sentation - Blog Fx Motors\" \/>\n<meta property=\"og:url\" content=\"https:\/\/www.fxmotors.fr\/blog\/actualites\/mxgp-france-2015-a-villars-sous-ecot-presentation\" \/>\n<meta property=\"og:site_name\" content=\"Blog Fx Motors\" \/>\n<meta property=\"article:published_time\" content=\"2015-05-30T10:05:25+00:00\" \/>\n<meta property=\"article:modified_time\" content=\"2015-05-30T10:08:05+00:00\" \/>\n<meta property=\"og:image\" content=\"https:\/\/www.fxmotors.fr\/blog\/wp-content\/uploads\/2015\/05\/ban-mxgp2015.jpg\" \/>\n\t<meta property=\"og:image:width\" content=\"1000\" \/>\n\t<meta property=\"og:image:height\" content=\"400\" \/>\n\t<meta property=\"og:image:type\" content=\"image\/jpeg\" \/>\n<meta name=\"author\" content=\"Fran\u00e7ois FX\" \/>\n<meta name=\"twitter:label1\" content=\"\u00c9crit par\" \/>\n\t<meta name=\"twitter:data1\" content=\"Fran\u00e7ois FX\" \/>\n\t<meta name=\"twitter:label2\" content=\"Dur\u00e9e de lecture estim\u00e9e\" \/>\n\t<meta name=\"twitter:data2\" content=\"3 minutes\" \/>\n<script type=\"application\/ld+json\" class=\"yoast-schema-graph\">{\"@context\":\"https:\/\/schema.org\",\"@graph\":[{\"@type\":\"WebPage\",\"@id\":\"https:\/\/www.fxmotors.fr\/blog\/actualites\/mxgp-france-2015-a-villars-sous-ecot-presentation\",\"url\":\"https:\/\/www.fxmotors.fr\/blog\/actualites\/mxgp-france-2015-a-villars-sous-ecot-presentation\",\"name\":\"MXGP France 2015 \u00e0 Villars sous Ecot - Pr\u00e9sentation - Blog Fx Motors\",\"isPartOf\":{\"@id\":\"https:\/\/www.fxmotors.fr\/blog\/#website\"},\"datePublished\":\"2015-05-30T10:05:25+00:00\",\"dateModified\":\"2015-05-30T10:08:05+00:00\",\"author\":{\"@id\":\"https:\/\/www.fxmotors.fr\/blog\/#\/schema\/person\/2552eaf1919a70b4dd426193193aa1f9\"},\"breadcrumb\":{\"@id\":\"https:\/\/www.fxmotors.fr\/blog\/actualites\/mxgp-france-2015-a-villars-sous-ecot-presentation#breadcrumb\"},\"inLanguage\":\"fr-FR\",\"potentialAction\":[{\"@type\":\"ReadAction\",\"target\":[\"https:\/\/www.fxmotors.fr\/blog\/actualites\/mxgp-france-2015-a-villars-sous-ecot-presentation\"]}]},{\"@type\":\"BreadcrumbList\",\"@id\":\"https:\/\/www.fxmotors.fr\/blog\/actualites\/mxgp-france-2015-a-villars-sous-ecot-presentation#breadcrumb\",\"itemListElement\":[{\"@type\":\"ListItem\",\"position\":1,\"name\":\"Accueil\",\"item\":\"https:\/\/www.fxmotors.fr\/blog\"},{\"@type\":\"ListItem\",\"position\":2,\"name\":\"MXGP France 2015 \u00e0 Villars sous Ecot &#8211; Pr\u00e9sentation\"}]},{\"@type\":\"WebSite\",\"@id\":\"https:\/\/www.fxmotors.fr\/blog\/#website\",\"url\":\"https:\/\/www.fxmotors.fr\/blog\/\",\"name\":\"Blog Fx Motors\",\"description\":\"Le cross au quotidien\",\"potentialAction\":[{\"@type\":\"SearchAction\",\"target\":{\"@type\":\"EntryPoint\",\"urlTemplate\":\"https:\/\/www.fxmotors.fr\/blog\/?s={search_term_string}\"},\"query-input\":\"required name=search_term_string\"}],\"inLanguage\":\"fr-FR\"},{\"@type\":\"Person\",\"@id\":\"https:\/\/www.fxmotors.fr\/blog\/#\/schema\/person\/2552eaf1919a70b4dd426193193aa1f9\",\"name\":\"Fran\u00e7ois FX\",\"image\":{\"@type\":\"ImageObject\",\"inLanguage\":\"fr-FR\",\"@id\":\"https:\/\/www.fxmotors.fr\/blog\/#\/schema\/person\/image\/\",\"url\":\"https:\/\/secure.gravatar.com\/avatar\/be662fde82dc95ae10165035ae3bb4ff?s=96&d=mm&r=g\",\"contentUrl\":\"https:\/\/secure.gravatar.com\/avatar\/be662fde82dc95ae10165035ae3bb4ff?s=96&d=mm&r=g\",\"caption\":\"Fran\u00e7ois FX\"},\"description\":\"Passionn\u00e9 de MX et pilote \u00e0 ses heures perdues ! Depuis 2009 il est Fx Motors ! Toujours de bons conseils, il saura vous faire partager son expertise et deviendra votre guide en mati\u00e8re de pi\u00e8ces et d'\u00e9quipements pour votre motocross\",\"url\":\"https:\/\/www.fxmotors.fr\/blog\/author\/fxmotors\"}]}<\/script>\n<!-- \/ Yoast SEO plugin. -->","yoast_head_json":{"title":"MXGP France 2015 \u00e0 Villars sous Ecot - Pr\u00e9sentation - Blog Fx Motors","robots":{"index":"index","follow":"follow","max-snippet":"max-snippet:-1","max-image-preview":"max-image-preview:large","max-video-preview":"max-video-preview:-1"},"canonical":"https:\/\/www.fxmotors.fr\/blog\/actualites\/mxgp-france-2015-a-villars-sous-ecot-presentation","og_locale":"fr_FR","og_type":"article","og_title":"MXGP France 2015 \u00e0 Villars sous Ecot - Pr\u00e9sentation - Blog Fx Motors","og_url":"https:\/\/www.fxmotors.fr\/blog\/actualites\/mxgp-france-2015-a-villars-sous-ecot-presentation","og_site_name":"Blog Fx Motors","article_published_time":"2015-05-30T10:05:25+00:00","article_modified_time":"2015-05-30T10:08:05+00:00","og_image":[{"width":1000,"height":400,"url":"https:\/\/www.fxmotors.fr\/blog\/wp-content\/uploads\/2015\/05\/ban-mxgp2015.jpg","type":"image\/jpeg"}],"author":"Fran\u00e7ois FX","twitter_misc":{"\u00c9crit par":"Fran\u00e7ois FX","Dur\u00e9e de lecture estim\u00e9e":"3 minutes"},"schema":{"@context":"https:\/\/schema.org","@graph":[{"@type":"WebPage","@id":"https:\/\/www.fxmotors.fr\/blog\/actualites\/mxgp-france-2015-a-villars-sous-ecot-presentation","url":"https:\/\/www.fxmotors.fr\/blog\/actualites\/mxgp-france-2015-a-villars-sous-ecot-presentation","name":"MXGP France 2015 \u00e0 Villars sous Ecot - Pr\u00e9sentation - Blog Fx Motors","isPartOf":{"@id":"https:\/\/www.fxmotors.fr\/blog\/#website"},"datePublished":"2015-05-30T10:05:25+00:00","dateModified":"2015-05-30T10:08:05+00:00","author":{"@id":"https:\/\/www.fxmotors.fr\/blog\/#\/schema\/person\/2552eaf1919a70b4dd426193193aa1f9"},"breadcrumb":{"@id":"https:\/\/www.fxmotors.fr\/blog\/actualites\/mxgp-france-2015-a-villars-sous-ecot-presentation#breadcrumb"},"inLanguage":"fr-FR","potentialAction":[{"@type":"ReadAction","target":["https:\/\/www.fxmotors.fr\/blog\/actualites\/mxgp-france-2015-a-villars-sous-ecot-presentation"]}]},{"@type":"BreadcrumbList","@id":"https:\/\/www.fxmotors.fr\/blog\/actualites\/mxgp-france-2015-a-villars-sous-ecot-presentation#breadcrumb","itemListElement":[{"@type":"ListItem","position":1,"name":"Accueil","item":"https:\/\/www.fxmotors.fr\/blog"},{"@type":"ListItem","position":2,"name":"MXGP France 2015 \u00e0 Villars sous Ecot &#8211; Pr\u00e9sentation"}]},{"@type":"WebSite","@id":"https:\/\/www.fxmotors.fr\/blog\/#website","url":"https:\/\/www.fxmotors.fr\/blog\/","name":"Blog Fx Motors","description":"Le cross au quotidien","potentialAction":[{"@type":"SearchAction","target":{"@type":"EntryPoint","urlTemplate":"https:\/\/www.fxmotors.fr\/blog\/?s={search_term_string}"},"query-input":"required name=search_term_string"}],"inLanguage":"fr-FR"},{"@type":"Person","@id":"https:\/\/www.fxmotors.fr\/blog\/#\/schema\/person\/2552eaf1919a70b4dd426193193aa1f9","name":"Fran\u00e7ois FX","image":{"@type":"ImageObject","inLanguage":"fr-FR","@id":"https:\/\/www.fxmotors.fr\/blog\/#\/schema\/person\/image\/","url":"https:\/\/secure.gravatar.com\/avatar\/be662fde82dc95ae10165035ae3bb4ff?s=96&d=mm&r=g","contentUrl":"https:\/\/secure.gravatar.com\/avatar\/be662fde82dc95ae10165035ae3bb4ff?s=96&d=mm&r=g","caption":"Fran\u00e7ois FX"},"description":"Passionn\u00e9 de MX et pilote \u00e0 ses heures perdues ! Depuis 2009 il est Fx Motors ! Toujours de bons conseils, il saura vous faire partager son expertise et deviendra votre guide en mati\u00e8re de pi\u00e8ces et d'\u00e9quipements pour votre motocross","url":"https:\/\/www.fxmotors.fr\/blog\/author\/fxmotors"}]}},"jetpack_featured_media_url":"https:\/\/www.fxmotors.fr\/blog\/wp-content\/uploads\/2015\/05\/ban-mxgp2015.jpg","jetpack_sharing_enabled":true,"jetpack_shortlink":"https:\/\/wp.me\/p5HoXY-dh","_links":{"self":[{"href":"https:\/\/www.fxmotors.fr\/blog\/wp-json\/wp\/v2\/posts\/823"}],"collection":[{"href":"https:\/\/www.fxmotors.fr\/blog\/wp-json\/wp\/v2\/posts"}],"about":[{"href":"https:\/\/www.fxmotors.fr\/blog\/wp-json\/wp\/v2\/types\/post"}],"author":[{"embeddable":true,"href":"https:\/\/www.fxmotors.fr\/blog\/wp-json\/wp\/v2\/users\/2"}],"replies":[{"embeddable":true,"href":"https:\/\/www.fxmotors.fr\/blog\/wp-json\/wp\/v2\/comments?post=823"}],"version-history":[{"count":2,"href":"https:\/\/www.fxmotors.fr\/blog\/wp-json\/wp\/v2\/posts\/823\/revisions"}],"predecessor-version":[{"id":826,"href":"https:\/\/www.fxmotors.fr\/blog\/wp-json\/wp\/v2\/posts\/823\/revisions\/826"}],"wp:featuredmedia":[{"embeddable":true,"href":"https:\/\/www.fxmotors.fr\/blog\/wp-json\/wp\/v2\/media\/824"}],"wp:attachment":[{"href":"https:\/\/www.fxmotors.fr\/blog\/wp-json\/wp\/v2\/media?parent=823"}],"wp:term":[{"taxonomy":"category","embeddable":true,"href":"https:\/\/www.fxmotors.fr\/blog\/wp-json\/wp\/v2\/categories?post=823"},{"taxonomy":"post_tag","embeddable":true,"href":"https:\/\/www.fxmotors.fr\/blog\/wp-json\/wp\/v2\/tags?post=823"}],"curies":[{"name":"wp","href":"https:\/\/api.w.org\/{rel}","templated":true}]}}