{"id":827,"date":"2015-06-01T10:53:43","date_gmt":"2015-06-01T10:53:43","guid":{"rendered":"http:\/\/www.fxmotors.fr\/blog\/?p=827"},"modified":"2015-06-01T10:54:38","modified_gmt":"2015-06-01T10:54:38","slug":"romain-febvre-remporte-le-mxgp-de-france-2015","status":"publish","type":"post","link":"https:\/\/www.fxmotors.fr\/blog\/actualites\/romain-febvre-remporte-le-mxgp-de-france-2015","title":{"rendered":"Romain Febvre remporte le MXGP de France 2015"},"content":{"rendered":"<p>[vc_row][vc_column width=\u00a0\u00bb1\/1&Prime;][vc_column_text]Grosse sensation ce week end pour la huiti\u00e8me \u00e9preuve du MXGP qui se d\u00e9roulait en Franche Comt\u00e9 ! Alors que nous l&rsquo;annoncions comme l&rsquo;un des gros outsiders,\u00a0Romain Febvre a confirm\u00e9 tout le bien que l&rsquo;on pensait de lui en remportant la premi\u00e8re course MXGP de sa carri\u00e8re. La premi\u00e8re d&rsquo;une longue s\u00e9rie ?<\/p>\n<p><a href=\"https:\/\/www.fxmotors.fr\/blog\/wp-content\/uploads\/2015\/06\/MXGPpodium_MXGP_8_F_2015.jpg\"><img decoding=\"async\" loading=\"lazy\" class=\"aligncenter size-full wp-image-829\" src=\"https:\/\/www.fxmotors.fr\/blog\/wp-content\/uploads\/2015\/06\/MXGPpodium_MXGP_8_F_2015.jpg\" alt=\"MXGPpodium_MXGP_8_F_2015\" width=\"800\" height=\"533\" srcset=\"https:\/\/www.fxmotors.fr\/blog\/wp-content\/uploads\/2015\/06\/MXGPpodium_MXGP_8_F_2015.jpg 800w, https:\/\/www.fxmotors.fr\/blog\/wp-content\/uploads\/2015\/06\/MXGPpodium_MXGP_8_F_2015-300x200.jpg 300w\" sizes=\"(max-width: 800px) 100vw, 800px\" \/><\/a>[\/vc_column_text][\/vc_column][\/vc_row][vc_row][vc_column width=\u00a0\u00bb1\/1&Prime;][vc_column_text]<\/p>\n<h2>Febvre rapidement dans le bain<\/h2>\n<p><strong>Auteur du meilleur temps<\/strong> lors des qualifications, le Fran\u00e7ais a rapidement montr\u00e9 que les sensations \u00e9taient bonnes.<\/p>\n<p>Celles du belge <strong>Desalle, deuxi\u00e8me au classement g\u00e9n\u00e9ral<\/strong>, beaucoup moins. Le pilote Suzuki a chut\u00e9 lors de la manche de qualification et s&rsquo;est de nouveau d\u00e9bo\u00eet\u00e9 l&rsquo;\u00e9paule, tentant tout de m\u00eame de se lancer lors de la premi\u00e8re manche mais abandonnant rapidement.<\/p>\n<p>Romain Febvre a donc termin\u00e9 la premi\u00e8re manche dans la roue de Cairoli, vainqueur, et a profit\u00e9 de <strong>l&rsquo;abandon de son compatriote Paulin<\/strong> intercal\u00e9 \u00e0 quelques tours de la fin de cette premi\u00e8re manche.<\/p>\n<p>Lors du second acte, Febvre a prouv\u00e9 une nouvelle fois sa grande maturit\u00e9. Parti fort derri\u00e8re le leader Nagl, Romain, qui aurait tr\u00e8s bien pu se contenter de la seconde place apr\u00e8s <strong>le d\u00e9part catastrophique d&rsquo;Antonio Cairoli<\/strong>, a d\u00e9cid\u00e9 de montrer l&rsquo;\u00e9tendu de son talent. La fougue du Fran\u00e7ais port\u00e9 par un public venu nombreux (25 000 spectateurs !) lui permit de d\u00e9passer l&rsquo;allemand au bout de quelques tours pour <strong>remporter cette seconde manche<\/strong> et donc son premier GP.<\/p>\n<p>Le Russe <strong>Bobryshev<\/strong> termine second devant Cairoli et Nagl.<\/p>\n<p>Avec cette victoire qui vient bonifier les bons r\u00e9sultats des 2 pr\u00e9c\u00e9dents Grand Prix, Febvre remonte \u00e0 la 4\u00e8me place du classement et surtout se rapproche du grand perdant du jour, Desalle (\u00e0 9 points devant), et se trouve <strong>d\u00e9sormais \u00e0 port\u00e9 de tir de Cairoli<\/strong> (31 points) et l&rsquo;allemand Nagl (50 points)<\/p>\n<p>En MX2, pas de surprise, Herlings r\u00e9alisant son 4\u00e8me doubl\u00e9 en 8 courses et comptant d\u00e9sormais 112 points d&rsquo;avance sur le\u00a0Suisse Guillod, actuellement second de la cat\u00e9gorie[\/vc_column_text][vc_video title=\u00a0\u00bbR\u00e9sum\u00e9 du MXGP France 2015&Prime; link=\u00a0\u00bbhttps:\/\/www.youtube.com\/watch?v=iXYgh2pmeZs\u00a0\u00bb][\/vc_column][\/vc_row]<\/p>\n","protected":false},"excerpt":{"rendered":"<p><a class='more-link' href='https:\/\/www.fxmotors.fr\/blog\/actualites\/romain-febvre-remporte-le-mxgp-de-france-2015'>Lire l\u2019article<span class='screen-reader-text'>Romain Febvre remporte le MXGP de France 2015<\/span><\/a><\/p>","protected":false},"author":2,"featured_media":828,"comment_status":"open","ping_status":"open","sticky":false,"template":"","format":"standard","meta":{"jetpack_post_was_ever_published":false,"jetpack_publicize_message":"","jetpack_is_tweetstorm":false,"jetpack_publicize_feature_enabled":true,"jetpack_social_post_already_shared":true,"jetpack_social_options":[]},"categories":[2,4],"tags":[47],"jetpack_publicize_connections":[],"yoast_head":"<!-- This site is optimized with the Yoast SEO plugin v20.3 - https:\/\/yoast.com\/wordpress\/plugins\/seo\/ -->\n<title>Romain Febvre remporte le MXGP de France 2015 - Blog Fx Motors<\/title>\n<meta name=\"robots\" content=\"index, follow, max-snippet:-1, max-image-preview:large, max-video-preview:-1\" \/>\n<link rel=\"canonical\" href=\"https:\/\/www.fxmotors.fr\/blog\/actualites\/romain-febvre-remporte-le-mxgp-de-france-2015\" \/>\n<meta property=\"og:locale\" content=\"fr_FR\" \/>\n<meta property=\"og:type\" content=\"article\" \/>\n<meta property=\"og:title\" content=\"Romain Febvre remporte le MXGP de France 2015 - Blog Fx Motors\" \/>\n<meta property=\"og:url\" content=\"https:\/\/www.fxmotors.fr\/blog\/actualites\/romain-febvre-remporte-le-mxgp-de-france-2015\" \/>\n<meta property=\"og:site_name\" content=\"Blog Fx Motors\" \/>\n<meta property=\"article:published_time\" content=\"2015-06-01T10:53:43+00:00\" \/>\n<meta property=\"article:modified_time\" content=\"2015-06-01T10:54:38+00:00\" \/>\n<meta property=\"og:image\" content=\"https:\/\/www.fxmotors.fr\/blog\/wp-content\/uploads\/2015\/06\/Febvre_MXGP_8_F_2015.jpg\" \/>\n\t<meta property=\"og:image:width\" content=\"800\" \/>\n\t<meta property=\"og:image:height\" content=\"533\" \/>\n\t<meta property=\"og:image:type\" content=\"image\/jpeg\" \/>\n<meta name=\"author\" content=\"Fran\u00e7ois FX\" \/>\n<meta name=\"twitter:label1\" content=\"\u00c9crit par\" \/>\n\t<meta name=\"twitter:data1\" content=\"Fran\u00e7ois FX\" \/>\n\t<meta name=\"twitter:label2\" content=\"Dur\u00e9e de lecture estim\u00e9e\" \/>\n\t<meta name=\"twitter:data2\" content=\"2 minutes\" \/>\n<script type=\"application\/ld+json\" class=\"yoast-schema-graph\">{\"@context\":\"https:\/\/schema.org\",\"@graph\":[{\"@type\":\"WebPage\",\"@id\":\"https:\/\/www.fxmotors.fr\/blog\/actualites\/romain-febvre-remporte-le-mxgp-de-france-2015\",\"url\":\"https:\/\/www.fxmotors.fr\/blog\/actualites\/romain-febvre-remporte-le-mxgp-de-france-2015\",\"name\":\"Romain Febvre remporte le MXGP de France 2015 - Blog Fx Motors\",\"isPartOf\":{\"@id\":\"https:\/\/www.fxmotors.fr\/blog\/#website\"},\"datePublished\":\"2015-06-01T10:53:43+00:00\",\"dateModified\":\"2015-06-01T10:54:38+00:00\",\"author\":{\"@id\":\"https:\/\/www.fxmotors.fr\/blog\/#\/schema\/person\/2552eaf1919a70b4dd426193193aa1f9\"},\"breadcrumb\":{\"@id\":\"https:\/\/www.fxmotors.fr\/blog\/actualites\/romain-febvre-remporte-le-mxgp-de-france-2015#breadcrumb\"},\"inLanguage\":\"fr-FR\",\"potentialAction\":[{\"@type\":\"ReadAction\",\"target\":[\"https:\/\/www.fxmotors.fr\/blog\/actualites\/romain-febvre-remporte-le-mxgp-de-france-2015\"]}]},{\"@type\":\"BreadcrumbList\",\"@id\":\"https:\/\/www.fxmotors.fr\/blog\/actualites\/romain-febvre-remporte-le-mxgp-de-france-2015#breadcrumb\",\"itemListElement\":[{\"@type\":\"ListItem\",\"position\":1,\"name\":\"Accueil\",\"item\":\"https:\/\/www.fxmotors.fr\/blog\"},{\"@type\":\"ListItem\",\"position\":2,\"name\":\"Romain Febvre remporte le MXGP de France 2015\"}]},{\"@type\":\"WebSite\",\"@id\":\"https:\/\/www.fxmotors.fr\/blog\/#website\",\"url\":\"https:\/\/www.fxmotors.fr\/blog\/\",\"name\":\"Blog Fx Motors\",\"description\":\"Le cross au quotidien\",\"potentialAction\":[{\"@type\":\"SearchAction\",\"target\":{\"@type\":\"EntryPoint\",\"urlTemplate\":\"https:\/\/www.fxmotors.fr\/blog\/?s={search_term_string}\"},\"query-input\":\"required name=search_term_string\"}],\"inLanguage\":\"fr-FR\"},{\"@type\":\"Person\",\"@id\":\"https:\/\/www.fxmotors.fr\/blog\/#\/schema\/person\/2552eaf1919a70b4dd426193193aa1f9\",\"name\":\"Fran\u00e7ois FX\",\"image\":{\"@type\":\"ImageObject\",\"inLanguage\":\"fr-FR\",\"@id\":\"https:\/\/www.fxmotors.fr\/blog\/#\/schema\/person\/image\/\",\"url\":\"https:\/\/secure.gravatar.com\/avatar\/be662fde82dc95ae10165035ae3bb4ff?s=96&d=mm&r=g\",\"contentUrl\":\"https:\/\/secure.gravatar.com\/avatar\/be662fde82dc95ae10165035ae3bb4ff?s=96&d=mm&r=g\",\"caption\":\"Fran\u00e7ois FX\"},\"description\":\"Passionn\u00e9 de MX et pilote \u00e0 ses heures perdues ! Depuis 2009 il est Fx Motors ! Toujours de bons conseils, il saura vous faire partager son expertise et deviendra votre guide en mati\u00e8re de pi\u00e8ces et d'\u00e9quipements pour votre motocross\",\"url\":\"https:\/\/www.fxmotors.fr\/blog\/author\/fxmotors\"}]}<\/script>\n<!-- \/ Yoast SEO plugin. -->","yoast_head_json":{"title":"Romain Febvre remporte le MXGP de France 2015 - Blog Fx Motors","robots":{"index":"index","follow":"follow","max-snippet":"max-snippet:-1","max-image-preview":"max-image-preview:large","max-video-preview":"max-video-preview:-1"},"canonical":"https:\/\/www.fxmotors.fr\/blog\/actualites\/romain-febvre-remporte-le-mxgp-de-france-2015","og_locale":"fr_FR","og_type":"article","og_title":"Romain Febvre remporte le MXGP de France 2015 - Blog Fx Motors","og_url":"https:\/\/www.fxmotors.fr\/blog\/actualites\/romain-febvre-remporte-le-mxgp-de-france-2015","og_site_name":"Blog Fx Motors","article_published_time":"2015-06-01T10:53:43+00:00","article_modified_time":"2015-06-01T10:54:38+00:00","og_image":[{"width":800,"height":533,"url":"https:\/\/www.fxmotors.fr\/blog\/wp-content\/uploads\/2015\/06\/Febvre_MXGP_8_F_2015.jpg","type":"image\/jpeg"}],"author":"Fran\u00e7ois FX","twitter_misc":{"\u00c9crit par":"Fran\u00e7ois FX","Dur\u00e9e de lecture estim\u00e9e":"2 minutes"},"schema":{"@context":"https:\/\/schema.org","@graph":[{"@type":"WebPage","@id":"https:\/\/www.fxmotors.fr\/blog\/actualites\/romain-febvre-remporte-le-mxgp-de-france-2015","url":"https:\/\/www.fxmotors.fr\/blog\/actualites\/romain-febvre-remporte-le-mxgp-de-france-2015","name":"Romain Febvre remporte le MXGP de France 2015 - Blog Fx Motors","isPartOf":{"@id":"https:\/\/www.fxmotors.fr\/blog\/#website"},"datePublished":"2015-06-01T10:53:43+00:00","dateModified":"2015-06-01T10:54:38+00:00","author":{"@id":"https:\/\/www.fxmotors.fr\/blog\/#\/schema\/person\/2552eaf1919a70b4dd426193193aa1f9"},"breadcrumb":{"@id":"https:\/\/www.fxmotors.fr\/blog\/actualites\/romain-febvre-remporte-le-mxgp-de-france-2015#breadcrumb"},"inLanguage":"fr-FR","potentialAction":[{"@type":"ReadAction","target":["https:\/\/www.fxmotors.fr\/blog\/actualites\/romain-febvre-remporte-le-mxgp-de-france-2015"]}]},{"@type":"BreadcrumbList","@id":"https:\/\/www.fxmotors.fr\/blog\/actualites\/romain-febvre-remporte-le-mxgp-de-france-2015#breadcrumb","itemListElement":[{"@type":"ListItem","position":1,"name":"Accueil","item":"https:\/\/www.fxmotors.fr\/blog"},{"@type":"ListItem","position":2,"name":"Romain Febvre remporte le MXGP de France 2015"}]},{"@type":"WebSite","@id":"https:\/\/www.fxmotors.fr\/blog\/#website","url":"https:\/\/www.fxmotors.fr\/blog\/","name":"Blog Fx Motors","description":"Le cross au quotidien","potentialAction":[{"@type":"SearchAction","target":{"@type":"EntryPoint","urlTemplate":"https:\/\/www.fxmotors.fr\/blog\/?s={search_term_string}"},"query-input":"required name=search_term_string"}],"inLanguage":"fr-FR"},{"@type":"Person","@id":"https:\/\/www.fxmotors.fr\/blog\/#\/schema\/person\/2552eaf1919a70b4dd426193193aa1f9","name":"Fran\u00e7ois FX","image":{"@type":"ImageObject","inLanguage":"fr-FR","@id":"https:\/\/www.fxmotors.fr\/blog\/#\/schema\/person\/image\/","url":"https:\/\/secure.gravatar.com\/avatar\/be662fde82dc95ae10165035ae3bb4ff?s=96&d=mm&r=g","contentUrl":"https:\/\/secure.gravatar.com\/avatar\/be662fde82dc95ae10165035ae3bb4ff?s=96&d=mm&r=g","caption":"Fran\u00e7ois FX"},"description":"Passionn\u00e9 de MX et pilote \u00e0 ses heures perdues ! Depuis 2009 il est Fx Motors ! Toujours de bons conseils, il saura vous faire partager son expertise et deviendra votre guide en mati\u00e8re de pi\u00e8ces et d'\u00e9quipements pour votre motocross","url":"https:\/\/www.fxmotors.fr\/blog\/author\/fxmotors"}]}},"jetpack_featured_media_url":"https:\/\/www.fxmotors.fr\/blog\/wp-content\/uploads\/2015\/06\/Febvre_MXGP_8_F_2015.jpg","jetpack_sharing_enabled":true,"jetpack_shortlink":"https:\/\/wp.me\/p5HoXY-dl","_links":{"self":[{"href":"https:\/\/www.fxmotors.fr\/blog\/wp-json\/wp\/v2\/posts\/827"}],"collection":[{"href":"https:\/\/www.fxmotors.fr\/blog\/wp-json\/wp\/v2\/posts"}],"about":[{"href":"https:\/\/www.fxmotors.fr\/blog\/wp-json\/wp\/v2\/types\/post"}],"author":[{"embeddable":true,"href":"https:\/\/www.fxmotors.fr\/blog\/wp-json\/wp\/v2\/users\/2"}],"replies":[{"embeddable":true,"href":"https:\/\/www.fxmotors.fr\/blog\/wp-json\/wp\/v2\/comments?post=827"}],"version-history":[{"count":1,"href":"https:\/\/www.fxmotors.fr\/blog\/wp-json\/wp\/v2\/posts\/827\/revisions"}],"predecessor-version":[{"id":830,"href":"https:\/\/www.fxmotors.fr\/blog\/wp-json\/wp\/v2\/posts\/827\/revisions\/830"}],"wp:featuredmedia":[{"embeddable":true,"href":"https:\/\/www.fxmotors.fr\/blog\/wp-json\/wp\/v2\/media\/828"}],"wp:attachment":[{"href":"https:\/\/www.fxmotors.fr\/blog\/wp-json\/wp\/v2\/media?parent=827"}],"wp:term":[{"taxonomy":"category","embeddable":true,"href":"https:\/\/www.fxmotors.fr\/blog\/wp-json\/wp\/v2\/categories?post=827"},{"taxonomy":"post_tag","embeddable":true,"href":"https:\/\/www.fxmotors.fr\/blog\/wp-json\/wp\/v2\/tags?post=827"}],"curies":[{"name":"wp","href":"https:\/\/api.w.org\/{rel}","templated":true}]}}